{"id":7538,"date":"2014-04-26T19:39:48","date_gmt":"2014-04-26T17:39:48","guid":{"rendered":"http:\/\/www.oriolmorte.com\/?p=7538"},"modified":"2019-06-02T17:55:01","modified_gmt":"2019-06-02T15:55:01","slug":"sesion-de-fotos-en-estudio-con-adrien","status":"publish","type":"post","link":"https:\/\/www.oriolmorte.com\/es\/2014\/04\/26\/sesion-de-fotos-en-estudio-con-adrien\/","title":{"rendered":"Sesi\u00f3n de fotos en estudio con Adrien"},"content":{"rendered":"<p>Adrien es un amigo franc\u00e9s con quien a menudo salgo a patinar. S\u00ed, patino, aunque mejor dicho es que voy en longboard mientras mi amigo patina con patines en l\u00ednea. Esta ocasi\u00f3n no fue la primera que le hac\u00eda fotos aunque s\u00ed fue la primera en estudio. Me pidi\u00f3 alg\u00fan retrato corporativo en traje para prop\u00f3sitos profesionales y ese el motivo por el que preparamos esta sesi\u00f3n de fotos en estudio con Adrien.<\/p>\n<p><img fetchpriority=\"high\" decoding=\"async\" class=\"size-medium wp-image-7519 aligncenter\" src=\"http:\/\/www.oriolmorte.com\/wp-content\/uploads\/2014\/04\/20140209_6344_5dm2_oriol_morte_blog-400x600.jpg\" alt=\"Sesi\u00f3n de fotos en estudio con Adrien\" width=\"400\" height=\"600\" srcset=\"https:\/\/www.oriolmorte.com\/wp-content\/uploads\/2014\/04\/20140209_6344_5dm2_oriol_morte_blog-400x600.jpg 400w, https:\/\/www.oriolmorte.com\/wp-content\/uploads\/2014\/04\/20140209_6344_5dm2_oriol_morte_blog-600x900.jpg 600w, https:\/\/www.oriolmorte.com\/wp-content\/uploads\/2014\/04\/20140209_6344_5dm2_oriol_morte_blog-470x705.jpg 470w, https:\/\/www.oriolmorte.com\/wp-content\/uploads\/2014\/04\/20140209_6344_5dm2_oriol_morte_blog.jpg 947w\" sizes=\"(max-width: 400px) 100vw, 400px\" \/><\/p>\n<p>A veces me lo paso bien experimentando nuevas ideas. Buscando un aspecto tipo James Bond era un buen ejemplo de un look elegante aunque no tan \u201ccorporativo\u201d. Un fondo negro y la iluminaci\u00f3n de los lados cre\u00f3 un efecto y sombras m\u00e1s dram\u00e1tico.<\/p>\n<p><img decoding=\"async\" class=\"size-medium wp-image-7528 aligncenter\" src=\"http:\/\/www.oriolmorte.com\/wp-content\/uploads\/2014\/04\/20140209_6307_5dm2-Edit_oriol_morte_blog-400x600.jpg\" alt=\"Sesi\u00f3n de fotos en estudio con Adrien\" width=\"400\" height=\"600\" srcset=\"https:\/\/www.oriolmorte.com\/wp-content\/uploads\/2014\/04\/20140209_6307_5dm2-Edit_oriol_morte_blog-400x600.jpg 400w, https:\/\/www.oriolmorte.com\/wp-content\/uploads\/2014\/04\/20140209_6307_5dm2-Edit_oriol_morte_blog-470x705.jpg 470w, https:\/\/www.oriolmorte.com\/wp-content\/uploads\/2014\/04\/20140209_6307_5dm2-Edit_oriol_morte_blog-450x674.jpg 450w, https:\/\/www.oriolmorte.com\/wp-content\/uploads\/2014\/04\/20140209_6307_5dm2-Edit_oriol_morte_blog.jpg 947w\" sizes=\"(max-width: 400px) 100vw, 400px\" \/><\/p>\n<p>Por otro lado, sabiendo que trabaja en el mundo de la Inform\u00e1tica, una camisa azul y fondo blanco detr\u00e1s era el conjunto perfecto para ese look coporativo. \u00c9ste era un planteamiento \u201cseguro\u201d del que pod\u00eda confiar para este prop\u00f3sito para esta sesi\u00f3n de fotos con Adrien.<\/p>\n<p><img decoding=\"async\" class=\"size-medium wp-image-7522 aligncenter\" src=\"http:\/\/www.oriolmorte.com\/wp-content\/uploads\/2014\/04\/20140209_6339_5dm2-Edit_oriol_morte_blog-400x600.jpg\" alt=\"Sesi\u00f3n de fotos en estudio con Adrien\" width=\"400\" height=\"600\" srcset=\"https:\/\/www.oriolmorte.com\/wp-content\/uploads\/2014\/04\/20140209_6339_5dm2-Edit_oriol_morte_blog-400x600.jpg 400w, https:\/\/www.oriolmorte.com\/wp-content\/uploads\/2014\/04\/20140209_6339_5dm2-Edit_oriol_morte_blog-470x705.jpg 470w, https:\/\/www.oriolmorte.com\/wp-content\/uploads\/2014\/04\/20140209_6339_5dm2-Edit_oriol_morte_blog-450x674.jpg 450w, https:\/\/www.oriolmorte.com\/wp-content\/uploads\/2014\/04\/20140209_6339_5dm2-Edit_oriol_morte_blog.jpg 947w\" sizes=\"(max-width: 400px) 100vw, 400px\" \/><\/p>\n<p>El set consist\u00eda de solamente una fuente de luz y un reflector 5 en 1. Un esquema simple es m\u00e1s f\u00e1cil de llevar durante una sesi\u00f3n de fotos con modelo no profesional. Usando cantidad de fuentes de luz y accesorios muchas veces distrae a los modelos cuando no est\u00e1n acostumbrados a este tipo de trabajos. Cuando consigues captar la atenci\u00f3n de tu modelo e interactuar es cuando puedes obtener exacto lo que quieres y la expresi\u00f3n que estabas buscando.<\/p>\n<p>He o\u00eddo que tal vez enviar\u00e1 \u00e9stas fotos a su familia de Francia huh!, aunque no confiar\u00eda en los comentarios de ninguna madre desde que ellas suelen estar ya muy orgullosas de sus hijos e hijas. De todos modos, siempre hace a un fot\u00f3grafo feliz si alguien imprime a papel alguna de sus fotograf\u00edas para mostrarla en su sal\u00f3n. Espero que le gusten los resultados de la ses\u00f3n de fotos en estudio con Adrien !<\/p>\n<p><img loading=\"lazy\" decoding=\"async\" class=\"aligncenter size-medium wp-image-7525\" src=\"http:\/\/www.oriolmorte.com\/wp-content\/uploads\/2014\/04\/20140209_6342_5dm2_oriol_morte_blog-400x600.jpg\" alt=\"Sesi\u00f3n de fotos en estudio con Adrien\" width=\"400\" height=\"600\" srcset=\"https:\/\/www.oriolmorte.com\/wp-content\/uploads\/2014\/04\/20140209_6342_5dm2_oriol_morte_blog-400x600.jpg 400w, https:\/\/www.oriolmorte.com\/wp-content\/uploads\/2014\/04\/20140209_6342_5dm2_oriol_morte_blog-470x705.jpg 470w, https:\/\/www.oriolmorte.com\/wp-content\/uploads\/2014\/04\/20140209_6342_5dm2_oriol_morte_blog-450x674.jpg 450w, https:\/\/www.oriolmorte.com\/wp-content\/uploads\/2014\/04\/20140209_6342_5dm2_oriol_morte_blog.jpg 947w\" sizes=\"(max-width: 400px) 100vw, 400px\" \/><\/p>\n","protected":false},"excerpt":{"rendered":"<p>Adrien es un amigo franc\u00e9s con quien a menudo salgo a patinar. S\u00ed, patino, aunque mejor dicho es que voy en longboard mientras mi amigo patina con patines en l\u00ednea. Esta ocasi\u00f3n no fue la primera que le hac\u00eda fotos aunque s\u00ed fue la primera en estudio. Me pidi\u00f3 alg\u00fan retrato corporativo en traje para prop\u00f3sitos profesionales y ese el motivo por el que preparamos esta sesi\u00f3n de fotos en estudio con Adrien. A veces me lo paso bien experimentando [&hellip;]<\/p>\n","protected":false},"author":4,"featured_media":32784,"comment_status":"closed","ping_status":"open","sticky":false,"template":"","format":"standard","meta":{"footnotes":""},"categories":[158],"tags":[],"yoast_head":"<!-- This site is optimized with the Yoast SEO plugin v23.5 - https:\/\/yoast.com\/wordpress\/plugins\/seo\/ -->\n<title>Sesi\u00f3n de fotos en estudio con Adrien - Oriol Morte | Visuals<\/title>\n<meta name=\"description\" content=\"Sesi\u00f3n de fotos en estudio con Adrien. Sesi\u00f3n de moda hombre con look corporativo y elegante en estudio\" \/>\n<meta name=\"robots\" content=\"index, follow, max-snippet:-1, max-image-preview:large, max-video-preview:-1\" \/>\n<link rel=\"canonical\" href=\"https:\/\/www.oriolmorte.com\/es\/2014\/04\/26\/sesion-de-fotos-en-estudio-con-adrien\/\" \/>\n<meta property=\"og:locale\" content=\"es_ES\" \/>\n<meta property=\"og:type\" content=\"article\" \/>\n<meta property=\"og:title\" content=\"Sesi\u00f3n de fotos en estudio con Adrien - Oriol Morte | Visuals\" \/>\n<meta property=\"og:description\" content=\"Sesi\u00f3n de fotos en estudio con Adrien. Sesi\u00f3n de moda hombre con look corporativo y elegante en estudio\" \/>\n<meta property=\"og:url\" content=\"https:\/\/www.oriolmorte.com\/es\/2014\/04\/26\/sesion-de-fotos-en-estudio-con-adrien\/\" \/>\n<meta property=\"og:site_name\" content=\"Oriol Morte | Visuals\" \/>\n<meta property=\"article:published_time\" content=\"2014-04-26T17:39:48+00:00\" \/>\n<meta property=\"article:modified_time\" content=\"2019-06-02T15:55:01+00:00\" \/>\n<meta property=\"og:image\" content=\"https:\/\/www.oriolmorte.com\/wp-content\/uploads\/2016\/01\/logo_OM_black_translucent_background_340x156px.png\" \/>\n\t<meta property=\"og:image:width\" content=\"340\" \/>\n\t<meta property=\"og:image:height\" content=\"156\" \/>\n\t<meta property=\"og:image:type\" content=\"image\/png\" \/>\n<meta name=\"author\" content=\"Oriol Morte\" \/>\n<meta name=\"twitter:card\" content=\"summary_large_image\" \/>\n<meta name=\"twitter:creator\" content=\"@oriolmorte\" \/>\n<meta name=\"twitter:site\" content=\"@oriolmorte\" \/>\n<meta name=\"twitter:label1\" content=\"Escrito por\" \/>\n\t<meta name=\"twitter:data1\" content=\"Oriol Morte\" \/>\n\t<meta name=\"twitter:label2\" content=\"Tiempo de lectura\" \/>\n\t<meta name=\"twitter:data2\" content=\"2 minutos\" \/>\n<script type=\"application\/ld+json\" class=\"yoast-schema-graph\">{\"@context\":\"https:\/\/schema.org\",\"@graph\":[{\"@type\":\"Article\",\"@id\":\"https:\/\/www.oriolmorte.com\/es\/2014\/04\/26\/sesion-de-fotos-en-estudio-con-adrien\/#article\",\"isPartOf\":{\"@id\":\"https:\/\/www.oriolmorte.com\/es\/2014\/04\/26\/sesion-de-fotos-en-estudio-con-adrien\/\"},\"author\":{\"name\":\"Oriol Morte\",\"@id\":\"https:\/\/www.oriolmorte.com\/es\/#\/schema\/person\/c939f3cb1e4f0e0d005eba682aa7f5a3\"},\"headline\":\"Sesi\u00f3n de fotos en estudio con Adrien\",\"datePublished\":\"2014-04-26T17:39:48+00:00\",\"dateModified\":\"2019-06-02T15:55:01+00:00\",\"mainEntityOfPage\":{\"@id\":\"https:\/\/www.oriolmorte.com\/es\/2014\/04\/26\/sesion-de-fotos-en-estudio-con-adrien\/\"},\"wordCount\":349,\"publisher\":{\"@id\":\"https:\/\/www.oriolmorte.com\/es\/#\/schema\/person\/c939f3cb1e4f0e0d005eba682aa7f5a3\"},\"image\":{\"@id\":\"https:\/\/www.oriolmorte.com\/es\/2014\/04\/26\/sesion-de-fotos-en-estudio-con-adrien\/#primaryimage\"},\"thumbnailUrl\":\"https:\/\/www.oriolmorte.com\/wp-content\/uploads\/2014\/04\/20140209_6307_5dm2-Edit_oriol_morte_featured_blog1-scaled.jpg\",\"articleSection\":[\"Retrato\"],\"inLanguage\":\"es\"},{\"@type\":\"WebPage\",\"@id\":\"https:\/\/www.oriolmorte.com\/es\/2014\/04\/26\/sesion-de-fotos-en-estudio-con-adrien\/\",\"url\":\"https:\/\/www.oriolmorte.com\/es\/2014\/04\/26\/sesion-de-fotos-en-estudio-con-adrien\/\",\"name\":\"Sesi\u00f3n de fotos en estudio con Adrien - Oriol Morte | Visuals\",\"isPartOf\":{\"@id\":\"https:\/\/www.oriolmorte.com\/es\/#website\"},\"primaryImageOfPage\":{\"@id\":\"https:\/\/www.oriolmorte.com\/es\/2014\/04\/26\/sesion-de-fotos-en-estudio-con-adrien\/#primaryimage\"},\"image\":{\"@id\":\"https:\/\/www.oriolmorte.com\/es\/2014\/04\/26\/sesion-de-fotos-en-estudio-con-adrien\/#primaryimage\"},\"thumbnailUrl\":\"https:\/\/www.oriolmorte.com\/wp-content\/uploads\/2014\/04\/20140209_6307_5dm2-Edit_oriol_morte_featured_blog1-scaled.jpg\",\"datePublished\":\"2014-04-26T17:39:48+00:00\",\"dateModified\":\"2019-06-02T15:55:01+00:00\",\"description\":\"Sesi\u00f3n de fotos en estudio con Adrien. Sesi\u00f3n de moda hombre con look corporativo y elegante en estudio\",\"breadcrumb\":{\"@id\":\"https:\/\/www.oriolmorte.com\/es\/2014\/04\/26\/sesion-de-fotos-en-estudio-con-adrien\/#breadcrumb\"},\"inLanguage\":\"es\",\"potentialAction\":[{\"@type\":\"ReadAction\",\"target\":[\"https:\/\/www.oriolmorte.com\/es\/2014\/04\/26\/sesion-de-fotos-en-estudio-con-adrien\/\"]}]},{\"@type\":\"ImageObject\",\"inLanguage\":\"es\",\"@id\":\"https:\/\/www.oriolmorte.com\/es\/2014\/04\/26\/sesion-de-fotos-en-estudio-con-adrien\/#primaryimage\",\"url\":\"https:\/\/www.oriolmorte.com\/wp-content\/uploads\/2014\/04\/20140209_6307_5dm2-Edit_oriol_morte_featured_blog1-scaled.jpg\",\"contentUrl\":\"https:\/\/www.oriolmorte.com\/wp-content\/uploads\/2014\/04\/20140209_6307_5dm2-Edit_oriol_morte_featured_blog1-scaled.jpg\",\"width\":2466,\"height\":2560},{\"@type\":\"BreadcrumbList\",\"@id\":\"https:\/\/www.oriolmorte.com\/es\/2014\/04\/26\/sesion-de-fotos-en-estudio-con-adrien\/#breadcrumb\",\"itemListElement\":[{\"@type\":\"ListItem\",\"position\":1,\"name\":\"Home\",\"item\":\"https:\/\/www.oriolmorte.com\/es\/\"},{\"@type\":\"ListItem\",\"position\":2,\"name\":\"Sesi\u00f3n de fotos en estudio con Adrien\"}]},{\"@type\":\"WebSite\",\"@id\":\"https:\/\/www.oriolmorte.com\/es\/#website\",\"url\":\"https:\/\/www.oriolmorte.com\/es\/\",\"name\":\"Oriol Morte | Visuals\",\"description\":\"Photography\",\"publisher\":{\"@id\":\"https:\/\/www.oriolmorte.com\/es\/#\/schema\/person\/c939f3cb1e4f0e0d005eba682aa7f5a3\"},\"potentialAction\":[{\"@type\":\"SearchAction\",\"target\":{\"@type\":\"EntryPoint\",\"urlTemplate\":\"https:\/\/www.oriolmorte.com\/es\/?s={search_term_string}\"},\"query-input\":{\"@type\":\"PropertyValueSpecification\",\"valueRequired\":true,\"valueName\":\"search_term_string\"}}],\"inLanguage\":\"es\"},{\"@type\":[\"Person\",\"Organization\"],\"@id\":\"https:\/\/www.oriolmorte.com\/es\/#\/schema\/person\/c939f3cb1e4f0e0d005eba682aa7f5a3\",\"name\":\"Oriol Morte\",\"image\":{\"@type\":\"ImageObject\",\"inLanguage\":\"es\",\"@id\":\"https:\/\/www.oriolmorte.com\/es\/#\/schema\/person\/image\/\",\"url\":\"https:\/\/www.oriolmorte.com\/wp-content\/uploads\/2014\/03\/logo_OM_black_translucent_background.png\",\"contentUrl\":\"https:\/\/www.oriolmorte.com\/wp-content\/uploads\/2014\/03\/logo_OM_black_translucent_background.png\",\"width\":500,\"height\":500,\"caption\":\"Oriol Morte\"},\"logo\":{\"@id\":\"https:\/\/www.oriolmorte.com\/es\/#\/schema\/person\/image\/\"},\"description\":\"Photographer since 2002\",\"url\":\"https:\/\/www.oriolmorte.com\/es\/author\/oriolmorte\/\"}]}<\/script>\n<!-- \/ Yoast SEO plugin. -->","yoast_head_json":{"title":"Sesi\u00f3n de fotos en estudio con Adrien - Oriol Morte | Visuals","description":"Sesi\u00f3n de fotos en estudio con Adrien. Sesi\u00f3n de moda hombre con look corporativo y elegante en estudio","robots":{"index":"index","follow":"follow","max-snippet":"max-snippet:-1","max-image-preview":"max-image-preview:large","max-video-preview":"max-video-preview:-1"},"canonical":"https:\/\/www.oriolmorte.com\/es\/2014\/04\/26\/sesion-de-fotos-en-estudio-con-adrien\/","og_locale":"es_ES","og_type":"article","og_title":"Sesi\u00f3n de fotos en estudio con Adrien - Oriol Morte | Visuals","og_description":"Sesi\u00f3n de fotos en estudio con Adrien. Sesi\u00f3n de moda hombre con look corporativo y elegante en estudio","og_url":"https:\/\/www.oriolmorte.com\/es\/2014\/04\/26\/sesion-de-fotos-en-estudio-con-adrien\/","og_site_name":"Oriol Morte | Visuals","article_published_time":"2014-04-26T17:39:48+00:00","article_modified_time":"2019-06-02T15:55:01+00:00","og_image":[{"width":340,"height":156,"url":"https:\/\/www.oriolmorte.com\/wp-content\/uploads\/2016\/01\/logo_OM_black_translucent_background_340x156px.png","type":"image\/png"}],"author":"Oriol Morte","twitter_card":"summary_large_image","twitter_creator":"@oriolmorte","twitter_site":"@oriolmorte","twitter_misc":{"Escrito por":"Oriol Morte","Tiempo de lectura":"2 minutos"},"schema":{"@context":"https:\/\/schema.org","@graph":[{"@type":"Article","@id":"https:\/\/www.oriolmorte.com\/es\/2014\/04\/26\/sesion-de-fotos-en-estudio-con-adrien\/#article","isPartOf":{"@id":"https:\/\/www.oriolmorte.com\/es\/2014\/04\/26\/sesion-de-fotos-en-estudio-con-adrien\/"},"author":{"name":"Oriol Morte","@id":"https:\/\/www.oriolmorte.com\/es\/#\/schema\/person\/c939f3cb1e4f0e0d005eba682aa7f5a3"},"headline":"Sesi\u00f3n de fotos en estudio con Adrien","datePublished":"2014-04-26T17:39:48+00:00","dateModified":"2019-06-02T15:55:01+00:00","mainEntityOfPage":{"@id":"https:\/\/www.oriolmorte.com\/es\/2014\/04\/26\/sesion-de-fotos-en-estudio-con-adrien\/"},"wordCount":349,"publisher":{"@id":"https:\/\/www.oriolmorte.com\/es\/#\/schema\/person\/c939f3cb1e4f0e0d005eba682aa7f5a3"},"image":{"@id":"https:\/\/www.oriolmorte.com\/es\/2014\/04\/26\/sesion-de-fotos-en-estudio-con-adrien\/#primaryimage"},"thumbnailUrl":"https:\/\/www.oriolmorte.com\/wp-content\/uploads\/2014\/04\/20140209_6307_5dm2-Edit_oriol_morte_featured_blog1-scaled.jpg","articleSection":["Retrato"],"inLanguage":"es"},{"@type":"WebPage","@id":"https:\/\/www.oriolmorte.com\/es\/2014\/04\/26\/sesion-de-fotos-en-estudio-con-adrien\/","url":"https:\/\/www.oriolmorte.com\/es\/2014\/04\/26\/sesion-de-fotos-en-estudio-con-adrien\/","name":"Sesi\u00f3n de fotos en estudio con Adrien - Oriol Morte | Visuals","isPartOf":{"@id":"https:\/\/www.oriolmorte.com\/es\/#website"},"primaryImageOfPage":{"@id":"https:\/\/www.oriolmorte.com\/es\/2014\/04\/26\/sesion-de-fotos-en-estudio-con-adrien\/#primaryimage"},"image":{"@id":"https:\/\/www.oriolmorte.com\/es\/2014\/04\/26\/sesion-de-fotos-en-estudio-con-adrien\/#primaryimage"},"thumbnailUrl":"https:\/\/www.oriolmorte.com\/wp-content\/uploads\/2014\/04\/20140209_6307_5dm2-Edit_oriol_morte_featured_blog1-scaled.jpg","datePublished":"2014-04-26T17:39:48+00:00","dateModified":"2019-06-02T15:55:01+00:00","description":"Sesi\u00f3n de fotos en estudio con Adrien. Sesi\u00f3n de moda hombre con look corporativo y elegante en estudio","breadcrumb":{"@id":"https:\/\/www.oriolmorte.com\/es\/2014\/04\/26\/sesion-de-fotos-en-estudio-con-adrien\/#breadcrumb"},"inLanguage":"es","potentialAction":[{"@type":"ReadAction","target":["https:\/\/www.oriolmorte.com\/es\/2014\/04\/26\/sesion-de-fotos-en-estudio-con-adrien\/"]}]},{"@type":"ImageObject","inLanguage":"es","@id":"https:\/\/www.oriolmorte.com\/es\/2014\/04\/26\/sesion-de-fotos-en-estudio-con-adrien\/#primaryimage","url":"https:\/\/www.oriolmorte.com\/wp-content\/uploads\/2014\/04\/20140209_6307_5dm2-Edit_oriol_morte_featured_blog1-scaled.jpg","contentUrl":"https:\/\/www.oriolmorte.com\/wp-content\/uploads\/2014\/04\/20140209_6307_5dm2-Edit_oriol_morte_featured_blog1-scaled.jpg","width":2466,"height":2560},{"@type":"BreadcrumbList","@id":"https:\/\/www.oriolmorte.com\/es\/2014\/04\/26\/sesion-de-fotos-en-estudio-con-adrien\/#breadcrumb","itemListElement":[{"@type":"ListItem","position":1,"name":"Home","item":"https:\/\/www.oriolmorte.com\/es\/"},{"@type":"ListItem","position":2,"name":"Sesi\u00f3n de fotos en estudio con Adrien"}]},{"@type":"WebSite","@id":"https:\/\/www.oriolmorte.com\/es\/#website","url":"https:\/\/www.oriolmorte.com\/es\/","name":"Oriol Morte | Visuals","description":"Photography","publisher":{"@id":"https:\/\/www.oriolmorte.com\/es\/#\/schema\/person\/c939f3cb1e4f0e0d005eba682aa7f5a3"},"potentialAction":[{"@type":"SearchAction","target":{"@type":"EntryPoint","urlTemplate":"https:\/\/www.oriolmorte.com\/es\/?s={search_term_string}"},"query-input":{"@type":"PropertyValueSpecification","valueRequired":true,"valueName":"search_term_string"}}],"inLanguage":"es"},{"@type":["Person","Organization"],"@id":"https:\/\/www.oriolmorte.com\/es\/#\/schema\/person\/c939f3cb1e4f0e0d005eba682aa7f5a3","name":"Oriol Morte","image":{"@type":"ImageObject","inLanguage":"es","@id":"https:\/\/www.oriolmorte.com\/es\/#\/schema\/person\/image\/","url":"https:\/\/www.oriolmorte.com\/wp-content\/uploads\/2014\/03\/logo_OM_black_translucent_background.png","contentUrl":"https:\/\/www.oriolmorte.com\/wp-content\/uploads\/2014\/03\/logo_OM_black_translucent_background.png","width":500,"height":500,"caption":"Oriol Morte"},"logo":{"@id":"https:\/\/www.oriolmorte.com\/es\/#\/schema\/person\/image\/"},"description":"Photographer since 2002","url":"https:\/\/www.oriolmorte.com\/es\/author\/oriolmorte\/"}]}},"_links":{"self":[{"href":"https:\/\/www.oriolmorte.com\/es\/wp-json\/wp\/v2\/posts\/7538"}],"collection":[{"href":"https:\/\/www.oriolmorte.com\/es\/wp-json\/wp\/v2\/posts"}],"about":[{"href":"https:\/\/www.oriolmorte.com\/es\/wp-json\/wp\/v2\/types\/post"}],"author":[{"embeddable":true,"href":"https:\/\/www.oriolmorte.com\/es\/wp-json\/wp\/v2\/users\/4"}],"replies":[{"embeddable":true,"href":"https:\/\/www.oriolmorte.com\/es\/wp-json\/wp\/v2\/comments?post=7538"}],"version-history":[{"count":3,"href":"https:\/\/www.oriolmorte.com\/es\/wp-json\/wp\/v2\/posts\/7538\/revisions"}],"predecessor-version":[{"id":7778,"href":"https:\/\/www.oriolmorte.com\/es\/wp-json\/wp\/v2\/posts\/7538\/revisions\/7778"}],"wp:featuredmedia":[{"embeddable":true,"href":"https:\/\/www.oriolmorte.com\/es\/wp-json\/wp\/v2\/media\/32784"}],"wp:attachment":[{"href":"https:\/\/www.oriolmorte.com\/es\/wp-json\/wp\/v2\/media?parent=7538"}],"wp:term":[{"taxonomy":"category","embeddable":true,"href":"https:\/\/www.oriolmorte.com\/es\/wp-json\/wp\/v2\/categories?post=7538"},{"taxonomy":"post_tag","embeddable":true,"href":"https:\/\/www.oriolmorte.com\/es\/wp-json\/wp\/v2\/tags?post=7538"}],"curies":[{"name":"wp","href":"https:\/\/api.w.org\/{rel}","templated":true}]}}