{"id":6168,"date":"2010-01-17T01:03:47","date_gmt":"2010-01-17T00:03:47","guid":{"rendered":"http:\/\/www.oriolmorte.com\/?p=6168"},"modified":"2016-02-04T03:27:02","modified_gmt":"2016-02-04T02:27:02","slug":"experimentando-con-un-descentrable-canon-24-f35-l-ts","status":"publish","type":"post","link":"https:\/\/www.oriolmorte.com\/es\/2010\/01\/17\/experimentando-con-un-descentrable-canon-24-f35-l-ts\/","title":{"rendered":"Experimentando con un descentrable Canon 24 f3,5 L T\/S"},"content":{"rendered":"<p style=\"text-align: justify;\">Este mes, aprovechando mi visita a Euskadi he estado haciendo pruebas con el objetivo descentrable con montura EF de Canon, el 24 f3,5 L Tilt&Shift de <a href=\"http:\/\/www.rafaespada.info\" rel=\"external\">Rafa Espada<\/a>. Es una lente diferente a todo el resto, este g\u00e9nero de \u00f3pticas tiene la particularidad de poder corregir la perspectiva y el plano de enfoque, dando lugar a unas fotos con un look muy especial que no se puede conseguir con objetivos normales. El manejo es un tanto especial y requiere un poco de pr\u00e1ctica, aunque aun y as\u00ed, el enfoque es manual y no permite trabajar con agilidad seg\u00fan cual sea el motivo fotogr\u00e1fico a retratar. Tiene unas posibilidades un tanto limitadas pero para ciertos usos es muy \u00fatil, especialmente en arquitectura y fotograf\u00eda de producto.<\/p>\n<p style=\"text-align: justify;\">Para hacer las pruebas, fui a las cercan\u00edas de Zarautz, en las cercan\u00edas del camping de Zarautz (Guipuzkoa).<\/p>\n<p style=\"text-align: center;\"><img fetchpriority=\"high\" decoding=\"async\" class=\"alignnone size-medium wp-image-6161\" alt=\"_MG_6867_oriol_morte_blog\" src=\"http:\/\/www.oriolmorte.com\/wp-content\/uploads\/2010\/01\/MG_6867_oriol_morte_blog-710x473.jpg\" width=\"710\" height=\"473\" srcset=\"https:\/\/www.oriolmorte.com\/wp-content\/uploads\/2010\/01\/MG_6867_oriol_morte_blog-710x473.jpg 710w, https:\/\/www.oriolmorte.com\/wp-content\/uploads\/2010\/01\/MG_6867_oriol_morte_blog-600x400.jpg 600w, https:\/\/www.oriolmorte.com\/wp-content\/uploads\/2010\/01\/MG_6867_oriol_morte_blog-899x600.jpg 899w, https:\/\/www.oriolmorte.com\/wp-content\/uploads\/2010\/01\/MG_6867_oriol_morte_blog-705x470.jpg 705w, https:\/\/www.oriolmorte.com\/wp-content\/uploads\/2010\/01\/MG_6867_oriol_morte_blog.jpg 1420w\" sizes=\"(max-width: 710px) 100vw, 710px\" \/><\/p>\n<p style=\"text-align: justify;\">\n","protected":false},"excerpt":{"rendered":"<p>Este mes, aprovechando mi visita a Euskadi he estado haciendo pruebas con el objetivo descentrable con montura EF de Canon, el 24 f3,5 L Tilt&#038;Shift de Rafa Espada. Es una lente diferente a todo el resto, este g\u00e9nero de \u00f3pticas tiene la particularidad de poder corregir la perspectiva y el plano de enfoque, dando lugar a unas fotos con un look muy especial que no se puede conseguir con objetivos normales. El manejo es un tanto especial y requiere un [&hellip;]<\/p>\n","protected":false},"author":4,"featured_media":6165,"comment_status":"closed","ping_status":"open","sticky":false,"template":"","format":"standard","meta":{"footnotes":""},"categories":[161],"tags":[295],"yoast_head":"<!-- This site is optimized with the Yoast SEO plugin v23.5 - https:\/\/yoast.com\/wordpress\/plugins\/seo\/ -->\n<title>Experiencia con descentrable Canon 24 f3,5L - Oriol Morte | Visuals<\/title>\n<meta name=\"description\" content=\"he estado haciendo pruebas con el objetivo descentrable con montura EF de Canon, el 24 f3,5 L Tilt&amp;Shift de Rafa Espada.\" \/>\n<meta name=\"robots\" content=\"index, follow, max-snippet:-1, max-image-preview:large, max-video-preview:-1\" \/>\n<link rel=\"canonical\" href=\"https:\/\/www.oriolmorte.com\/es\/2010\/01\/17\/experimentando-con-un-descentrable-canon-24-f35-l-ts\/\" \/>\n<meta property=\"og:locale\" content=\"es_ES\" \/>\n<meta property=\"og:type\" content=\"article\" \/>\n<meta property=\"og:title\" content=\"Experiencia con descentrable Canon 24 f3,5L - Oriol Morte | Visuals\" \/>\n<meta property=\"og:description\" content=\"he estado haciendo pruebas con el objetivo descentrable con montura EF de Canon, el 24 f3,5 L Tilt&amp;Shift de Rafa Espada.\" \/>\n<meta property=\"og:url\" content=\"https:\/\/www.oriolmorte.com\/es\/2010\/01\/17\/experimentando-con-un-descentrable-canon-24-f35-l-ts\/\" \/>\n<meta property=\"og:site_name\" content=\"Oriol Morte | Visuals\" \/>\n<meta property=\"article:published_time\" content=\"2010-01-17T00:03:47+00:00\" \/>\n<meta property=\"article:modified_time\" content=\"2016-02-04T02:27:02+00:00\" \/>\n<meta property=\"og:image\" content=\"https:\/\/www.oriolmorte.com\/wp-content\/uploads\/2010\/01\/MG_6867_oriol_morte_featured_blog-scaled.jpg\" \/>\n\t<meta property=\"og:image:width\" content=\"2560\" \/>\n\t<meta property=\"og:image:height\" content=\"1707\" \/>\n\t<meta property=\"og:image:type\" content=\"image\/jpeg\" \/>\n<meta name=\"author\" content=\"Oriol Morte\" \/>\n<meta name=\"twitter:card\" content=\"summary_large_image\" \/>\n<meta name=\"twitter:creator\" content=\"@oriolmorte\" \/>\n<meta name=\"twitter:site\" content=\"@oriolmorte\" \/>\n<meta name=\"twitter:label1\" content=\"Escrito por\" \/>\n\t<meta name=\"twitter:data1\" content=\"Oriol Morte\" \/>\n\t<meta name=\"twitter:label2\" content=\"Tiempo de lectura\" \/>\n\t<meta name=\"twitter:data2\" content=\"1 minuto\" \/>\n<script type=\"application\/ld+json\" class=\"yoast-schema-graph\">{\"@context\":\"https:\/\/schema.org\",\"@graph\":[{\"@type\":\"Article\",\"@id\":\"https:\/\/www.oriolmorte.com\/es\/2010\/01\/17\/experimentando-con-un-descentrable-canon-24-f35-l-ts\/#article\",\"isPartOf\":{\"@id\":\"https:\/\/www.oriolmorte.com\/es\/2010\/01\/17\/experimentando-con-un-descentrable-canon-24-f35-l-ts\/\"},\"author\":{\"name\":\"Oriol Morte\",\"@id\":\"https:\/\/www.oriolmorte.com\/es\/#\/schema\/person\/c939f3cb1e4f0e0d005eba682aa7f5a3\"},\"headline\":\"Experimentando con un descentrable Canon 24 f3,5 L T\/S\",\"datePublished\":\"2010-01-17T00:03:47+00:00\",\"dateModified\":\"2016-02-04T02:27:02+00:00\",\"mainEntityOfPage\":{\"@id\":\"https:\/\/www.oriolmorte.com\/es\/2010\/01\/17\/experimentando-con-un-descentrable-canon-24-f35-l-ts\/\"},\"wordCount\":160,\"publisher\":{\"@id\":\"https:\/\/www.oriolmorte.com\/es\/#\/schema\/person\/c939f3cb1e4f0e0d005eba682aa7f5a3\"},\"image\":{\"@id\":\"https:\/\/www.oriolmorte.com\/es\/2010\/01\/17\/experimentando-con-un-descentrable-canon-24-f35-l-ts\/#primaryimage\"},\"thumbnailUrl\":\"https:\/\/www.oriolmorte.com\/wp-content\/uploads\/2010\/01\/MG_6867_oriol_morte_featured_blog-scaled.jpg\",\"keywords\":[\"canon\"],\"articleSection\":[\"T\u00e9cnica\"],\"inLanguage\":\"es\"},{\"@type\":\"WebPage\",\"@id\":\"https:\/\/www.oriolmorte.com\/es\/2010\/01\/17\/experimentando-con-un-descentrable-canon-24-f35-l-ts\/\",\"url\":\"https:\/\/www.oriolmorte.com\/es\/2010\/01\/17\/experimentando-con-un-descentrable-canon-24-f35-l-ts\/\",\"name\":\"Experiencia con descentrable Canon 24 f3,5L - Oriol Morte | Visuals\",\"isPartOf\":{\"@id\":\"https:\/\/www.oriolmorte.com\/es\/#website\"},\"primaryImageOfPage\":{\"@id\":\"https:\/\/www.oriolmorte.com\/es\/2010\/01\/17\/experimentando-con-un-descentrable-canon-24-f35-l-ts\/#primaryimage\"},\"image\":{\"@id\":\"https:\/\/www.oriolmorte.com\/es\/2010\/01\/17\/experimentando-con-un-descentrable-canon-24-f35-l-ts\/#primaryimage\"},\"thumbnailUrl\":\"https:\/\/www.oriolmorte.com\/wp-content\/uploads\/2010\/01\/MG_6867_oriol_morte_featured_blog-scaled.jpg\",\"datePublished\":\"2010-01-17T00:03:47+00:00\",\"dateModified\":\"2016-02-04T02:27:02+00:00\",\"description\":\"he estado haciendo pruebas con el objetivo descentrable con montura EF de Canon, el 24 f3,5 L Tilt&Shift de Rafa Espada.\",\"breadcrumb\":{\"@id\":\"https:\/\/www.oriolmorte.com\/es\/2010\/01\/17\/experimentando-con-un-descentrable-canon-24-f35-l-ts\/#breadcrumb\"},\"inLanguage\":\"es\",\"potentialAction\":[{\"@type\":\"ReadAction\",\"target\":[\"https:\/\/www.oriolmorte.com\/es\/2010\/01\/17\/experimentando-con-un-descentrable-canon-24-f35-l-ts\/\"]}]},{\"@type\":\"ImageObject\",\"inLanguage\":\"es\",\"@id\":\"https:\/\/www.oriolmorte.com\/es\/2010\/01\/17\/experimentando-con-un-descentrable-canon-24-f35-l-ts\/#primaryimage\",\"url\":\"https:\/\/www.oriolmorte.com\/wp-content\/uploads\/2010\/01\/MG_6867_oriol_morte_featured_blog-scaled.jpg\",\"contentUrl\":\"https:\/\/www.oriolmorte.com\/wp-content\/uploads\/2010\/01\/MG_6867_oriol_morte_featured_blog-scaled.jpg\",\"width\":2560,\"height\":1707},{\"@type\":\"BreadcrumbList\",\"@id\":\"https:\/\/www.oriolmorte.com\/es\/2010\/01\/17\/experimentando-con-un-descentrable-canon-24-f35-l-ts\/#breadcrumb\",\"itemListElement\":[{\"@type\":\"ListItem\",\"position\":1,\"name\":\"Home\",\"item\":\"https:\/\/www.oriolmorte.com\/es\/\"},{\"@type\":\"ListItem\",\"position\":2,\"name\":\"Experimentando con un descentrable Canon 24 f3,5 L T\/S\"}]},{\"@type\":\"WebSite\",\"@id\":\"https:\/\/www.oriolmorte.com\/es\/#website\",\"url\":\"https:\/\/www.oriolmorte.com\/es\/\",\"name\":\"Oriol Morte | Visuals\",\"description\":\"Photography\",\"publisher\":{\"@id\":\"https:\/\/www.oriolmorte.com\/es\/#\/schema\/person\/c939f3cb1e4f0e0d005eba682aa7f5a3\"},\"potentialAction\":[{\"@type\":\"SearchAction\",\"target\":{\"@type\":\"EntryPoint\",\"urlTemplate\":\"https:\/\/www.oriolmorte.com\/es\/?s={search_term_string}\"},\"query-input\":{\"@type\":\"PropertyValueSpecification\",\"valueRequired\":true,\"valueName\":\"search_term_string\"}}],\"inLanguage\":\"es\"},{\"@type\":[\"Person\",\"Organization\"],\"@id\":\"https:\/\/www.oriolmorte.com\/es\/#\/schema\/person\/c939f3cb1e4f0e0d005eba682aa7f5a3\",\"name\":\"Oriol Morte\",\"image\":{\"@type\":\"ImageObject\",\"inLanguage\":\"es\",\"@id\":\"https:\/\/www.oriolmorte.com\/es\/#\/schema\/person\/image\/\",\"url\":\"https:\/\/www.oriolmorte.com\/wp-content\/uploads\/2014\/03\/logo_OM_black_translucent_background.png\",\"contentUrl\":\"https:\/\/www.oriolmorte.com\/wp-content\/uploads\/2014\/03\/logo_OM_black_translucent_background.png\",\"width\":500,\"height\":500,\"caption\":\"Oriol Morte\"},\"logo\":{\"@id\":\"https:\/\/www.oriolmorte.com\/es\/#\/schema\/person\/image\/\"},\"description\":\"Photographer since 2002\",\"url\":\"https:\/\/www.oriolmorte.com\/es\/author\/oriolmorte\/\"}]}<\/script>\n<!-- \/ Yoast SEO plugin. -->","yoast_head_json":{"title":"Experiencia con descentrable Canon 24 f3,5L - Oriol Morte | Visuals","description":"he estado haciendo pruebas con el objetivo descentrable con montura EF de Canon, el 24 f3,5 L Tilt&Shift de Rafa Espada.","robots":{"index":"index","follow":"follow","max-snippet":"max-snippet:-1","max-image-preview":"max-image-preview:large","max-video-preview":"max-video-preview:-1"},"canonical":"https:\/\/www.oriolmorte.com\/es\/2010\/01\/17\/experimentando-con-un-descentrable-canon-24-f35-l-ts\/","og_locale":"es_ES","og_type":"article","og_title":"Experiencia con descentrable Canon 24 f3,5L - Oriol Morte | Visuals","og_description":"he estado haciendo pruebas con el objetivo descentrable con montura EF de Canon, el 24 f3,5 L Tilt&Shift de Rafa Espada.","og_url":"https:\/\/www.oriolmorte.com\/es\/2010\/01\/17\/experimentando-con-un-descentrable-canon-24-f35-l-ts\/","og_site_name":"Oriol Morte | Visuals","article_published_time":"2010-01-17T00:03:47+00:00","article_modified_time":"2016-02-04T02:27:02+00:00","og_image":[{"width":2560,"height":1707,"url":"https:\/\/www.oriolmorte.com\/wp-content\/uploads\/2010\/01\/MG_6867_oriol_morte_featured_blog-scaled.jpg","type":"image\/jpeg"}],"author":"Oriol Morte","twitter_card":"summary_large_image","twitter_creator":"@oriolmorte","twitter_site":"@oriolmorte","twitter_misc":{"Escrito por":"Oriol Morte","Tiempo de lectura":"1 minuto"},"schema":{"@context":"https:\/\/schema.org","@graph":[{"@type":"Article","@id":"https:\/\/www.oriolmorte.com\/es\/2010\/01\/17\/experimentando-con-un-descentrable-canon-24-f35-l-ts\/#article","isPartOf":{"@id":"https:\/\/www.oriolmorte.com\/es\/2010\/01\/17\/experimentando-con-un-descentrable-canon-24-f35-l-ts\/"},"author":{"name":"Oriol Morte","@id":"https:\/\/www.oriolmorte.com\/es\/#\/schema\/person\/c939f3cb1e4f0e0d005eba682aa7f5a3"},"headline":"Experimentando con un descentrable Canon 24 f3,5 L T\/S","datePublished":"2010-01-17T00:03:47+00:00","dateModified":"2016-02-04T02:27:02+00:00","mainEntityOfPage":{"@id":"https:\/\/www.oriolmorte.com\/es\/2010\/01\/17\/experimentando-con-un-descentrable-canon-24-f35-l-ts\/"},"wordCount":160,"publisher":{"@id":"https:\/\/www.oriolmorte.com\/es\/#\/schema\/person\/c939f3cb1e4f0e0d005eba682aa7f5a3"},"image":{"@id":"https:\/\/www.oriolmorte.com\/es\/2010\/01\/17\/experimentando-con-un-descentrable-canon-24-f35-l-ts\/#primaryimage"},"thumbnailUrl":"https:\/\/www.oriolmorte.com\/wp-content\/uploads\/2010\/01\/MG_6867_oriol_morte_featured_blog-scaled.jpg","keywords":["canon"],"articleSection":["T\u00e9cnica"],"inLanguage":"es"},{"@type":"WebPage","@id":"https:\/\/www.oriolmorte.com\/es\/2010\/01\/17\/experimentando-con-un-descentrable-canon-24-f35-l-ts\/","url":"https:\/\/www.oriolmorte.com\/es\/2010\/01\/17\/experimentando-con-un-descentrable-canon-24-f35-l-ts\/","name":"Experiencia con descentrable Canon 24 f3,5L - Oriol Morte | Visuals","isPartOf":{"@id":"https:\/\/www.oriolmorte.com\/es\/#website"},"primaryImageOfPage":{"@id":"https:\/\/www.oriolmorte.com\/es\/2010\/01\/17\/experimentando-con-un-descentrable-canon-24-f35-l-ts\/#primaryimage"},"image":{"@id":"https:\/\/www.oriolmorte.com\/es\/2010\/01\/17\/experimentando-con-un-descentrable-canon-24-f35-l-ts\/#primaryimage"},"thumbnailUrl":"https:\/\/www.oriolmorte.com\/wp-content\/uploads\/2010\/01\/MG_6867_oriol_morte_featured_blog-scaled.jpg","datePublished":"2010-01-17T00:03:47+00:00","dateModified":"2016-02-04T02:27:02+00:00","description":"he estado haciendo pruebas con el objetivo descentrable con montura EF de Canon, el 24 f3,5 L Tilt&Shift de Rafa Espada.","breadcrumb":{"@id":"https:\/\/www.oriolmorte.com\/es\/2010\/01\/17\/experimentando-con-un-descentrable-canon-24-f35-l-ts\/#breadcrumb"},"inLanguage":"es","potentialAction":[{"@type":"ReadAction","target":["https:\/\/www.oriolmorte.com\/es\/2010\/01\/17\/experimentando-con-un-descentrable-canon-24-f35-l-ts\/"]}]},{"@type":"ImageObject","inLanguage":"es","@id":"https:\/\/www.oriolmorte.com\/es\/2010\/01\/17\/experimentando-con-un-descentrable-canon-24-f35-l-ts\/#primaryimage","url":"https:\/\/www.oriolmorte.com\/wp-content\/uploads\/2010\/01\/MG_6867_oriol_morte_featured_blog-scaled.jpg","contentUrl":"https:\/\/www.oriolmorte.com\/wp-content\/uploads\/2010\/01\/MG_6867_oriol_morte_featured_blog-scaled.jpg","width":2560,"height":1707},{"@type":"BreadcrumbList","@id":"https:\/\/www.oriolmorte.com\/es\/2010\/01\/17\/experimentando-con-un-descentrable-canon-24-f35-l-ts\/#breadcrumb","itemListElement":[{"@type":"ListItem","position":1,"name":"Home","item":"https:\/\/www.oriolmorte.com\/es\/"},{"@type":"ListItem","position":2,"name":"Experimentando con un descentrable Canon 24 f3,5 L T\/S"}]},{"@type":"WebSite","@id":"https:\/\/www.oriolmorte.com\/es\/#website","url":"https:\/\/www.oriolmorte.com\/es\/","name":"Oriol Morte | Visuals","description":"Photography","publisher":{"@id":"https:\/\/www.oriolmorte.com\/es\/#\/schema\/person\/c939f3cb1e4f0e0d005eba682aa7f5a3"},"potentialAction":[{"@type":"SearchAction","target":{"@type":"EntryPoint","urlTemplate":"https:\/\/www.oriolmorte.com\/es\/?s={search_term_string}"},"query-input":{"@type":"PropertyValueSpecification","valueRequired":true,"valueName":"search_term_string"}}],"inLanguage":"es"},{"@type":["Person","Organization"],"@id":"https:\/\/www.oriolmorte.com\/es\/#\/schema\/person\/c939f3cb1e4f0e0d005eba682aa7f5a3","name":"Oriol Morte","image":{"@type":"ImageObject","inLanguage":"es","@id":"https:\/\/www.oriolmorte.com\/es\/#\/schema\/person\/image\/","url":"https:\/\/www.oriolmorte.com\/wp-content\/uploads\/2014\/03\/logo_OM_black_translucent_background.png","contentUrl":"https:\/\/www.oriolmorte.com\/wp-content\/uploads\/2014\/03\/logo_OM_black_translucent_background.png","width":500,"height":500,"caption":"Oriol Morte"},"logo":{"@id":"https:\/\/www.oriolmorte.com\/es\/#\/schema\/person\/image\/"},"description":"Photographer since 2002","url":"https:\/\/www.oriolmorte.com\/es\/author\/oriolmorte\/"}]}},"_links":{"self":[{"href":"https:\/\/www.oriolmorte.com\/es\/wp-json\/wp\/v2\/posts\/6168"}],"collection":[{"href":"https:\/\/www.oriolmorte.com\/es\/wp-json\/wp\/v2\/posts"}],"about":[{"href":"https:\/\/www.oriolmorte.com\/es\/wp-json\/wp\/v2\/types\/post"}],"author":[{"embeddable":true,"href":"https:\/\/www.oriolmorte.com\/es\/wp-json\/wp\/v2\/users\/4"}],"replies":[{"embeddable":true,"href":"https:\/\/www.oriolmorte.com\/es\/wp-json\/wp\/v2\/comments?post=6168"}],"version-history":[{"count":1,"href":"https:\/\/www.oriolmorte.com\/es\/wp-json\/wp\/v2\/posts\/6168\/revisions"}],"predecessor-version":[{"id":6169,"href":"https:\/\/www.oriolmorte.com\/es\/wp-json\/wp\/v2\/posts\/6168\/revisions\/6169"}],"wp:featuredmedia":[{"embeddable":true,"href":"https:\/\/www.oriolmorte.com\/es\/wp-json\/wp\/v2\/media\/6165"}],"wp:attachment":[{"href":"https:\/\/www.oriolmorte.com\/es\/wp-json\/wp\/v2\/media?parent=6168"}],"wp:term":[{"taxonomy":"category","embeddable":true,"href":"https:\/\/www.oriolmorte.com\/es\/wp-json\/wp\/v2\/categories?post=6168"},{"taxonomy":"post_tag","embeddable":true,"href":"https:\/\/www.oriolmorte.com\/es\/wp-json\/wp\/v2\/tags?post=6168"}],"curies":[{"name":"wp","href":"https:\/\/api.w.org\/{rel}","templated":true}]}}