{"id":6000,"date":"2009-03-01T01:00:00","date_gmt":"2009-03-01T00:00:00","guid":{"rendered":"http:\/\/www.oriolmorte.com\/?p=6000"},"modified":"2020-03-27T12:34:39","modified_gmt":"2020-03-27T11:34:39","slug":"publicacion-en-la-revista-vidaestetica-de-marzo-de-2009","status":"publish","type":"post","link":"https:\/\/www.oriolmorte.com\/es\/2009\/03\/01\/publicacion-en-la-revista-vidaestetica-de-marzo-de-2009\/","title":{"rendered":"Publicaci\u00f3n en la revista Vidaest\u00e9tica de Marzo de 2009"},"content":{"rendered":"<p>Este mes ha sido publicada en la p\u00e1gina 48 de la revista <a href=\"http:\/\/www.cosmobelleza.com\/i\/revistasonline\/vidaestetica\/2009\/marzo\/revista.html\" rel=\"external\">Vidaest\u00e9tica<\/a> una fotograf\u00eda de Francesc Salvador que formaba del <a title=\"News:Cat\u00e1logo de la l\u00ednea microfibra de Begil\" href=\"http:\/\/www.lostlight-photo.com\/news\/files\/catalogo-de-la-linea-microfibra-de-begil.php\" rel=\"self\">trabajo que hice para Begil<\/a> en la sesi\u00f3n de fotos con los modelos adultos.<\/p>\n<p><img fetchpriority=\"high\" decoding=\"async\" class=\"alignnone size-medium wp-image-5996\" alt=\"vidaestetica_marzo_2009_oriol_morte_blog\" src=\"http:\/\/www.oriolmorte.com\/wp-content\/uploads\/2009\/03\/vidaestetica_marzo_2009_oriol_morte_blog-449x600.jpg\" width=\"449\" height=\"600\" srcset=\"https:\/\/www.oriolmorte.com\/wp-content\/uploads\/2009\/03\/vidaestetica_marzo_2009_oriol_morte_blog-449x600.jpg 449w, https:\/\/www.oriolmorte.com\/wp-content\/uploads\/2009\/03\/vidaestetica_marzo_2009_oriol_morte_blog-450x600.jpg 450w, https:\/\/www.oriolmorte.com\/wp-content\/uploads\/2009\/03\/vidaestetica_marzo_2009_oriol_morte_blog.jpg 485w\" sizes=\"(max-width: 449px) 100vw, 449px\" \/><\/p>\n","protected":false},"excerpt":{"rendered":"<p>Este mes ha sido publicada en la p\u00e1gina 48 de la revista Vidaest\u00e9tica una fotograf\u00eda de Francesc Salvador que formaba del trabajo que hice para Begil en la sesi\u00f3n de fotos con los modelos adultos.<\/p>\n","protected":false},"author":4,"featured_media":5993,"comment_status":"closed","ping_status":"open","sticky":false,"template":"","format":"standard","meta":{"footnotes":""},"categories":[160],"tags":[],"yoast_head":"<!-- This site is optimized with the Yoast SEO plugin v23.5 - https:\/\/yoast.com\/wordpress\/plugins\/seo\/ -->\n<title>Publicaci\u00f3n en la revista Vidaest\u00e9tica de Marzo de 2009 - Oriol Morte | Visuals<\/title>\n<meta name=\"description\" content=\"Este mes ha sido publicada en la p\u00e1gina 48 de la revista Vidaest\u00e9tica una fotograf\u00eda de Francesc Salvador que formaba del trabajo que hice para Begil.\" \/>\n<meta name=\"robots\" content=\"index, follow, max-snippet:-1, max-image-preview:large, max-video-preview:-1\" \/>\n<link rel=\"canonical\" href=\"https:\/\/www.oriolmorte.com\/es\/2009\/03\/01\/publicacion-en-la-revista-vidaestetica-de-marzo-de-2009\/\" \/>\n<meta property=\"og:locale\" content=\"es_ES\" \/>\n<meta property=\"og:type\" content=\"article\" \/>\n<meta property=\"og:title\" content=\"Publicaci\u00f3n en la revista Vidaest\u00e9tica de Marzo de 2009 - Oriol Morte | Visuals\" \/>\n<meta property=\"og:description\" content=\"Este mes ha sido publicada en la p\u00e1gina 48 de la revista Vidaest\u00e9tica una fotograf\u00eda de Francesc Salvador que formaba del trabajo que hice para Begil.\" \/>\n<meta property=\"og:url\" content=\"https:\/\/www.oriolmorte.com\/es\/2009\/03\/01\/publicacion-en-la-revista-vidaestetica-de-marzo-de-2009\/\" \/>\n<meta property=\"og:site_name\" content=\"Oriol Morte | Visuals\" \/>\n<meta property=\"article:published_time\" content=\"2009-03-01T00:00:00+00:00\" \/>\n<meta property=\"article:modified_time\" content=\"2020-03-27T11:34:39+00:00\" \/>\n<meta property=\"og:image\" content=\"https:\/\/www.oriolmorte.com\/wp-content\/uploads\/2009\/03\/vidaestetica_marzo_2009_oriol_morte_featured_blog.jpg\" \/>\n\t<meta property=\"og:image:width\" content=\"485\" \/>\n\t<meta property=\"og:image:height\" content=\"647\" \/>\n\t<meta property=\"og:image:type\" content=\"image\/jpeg\" \/>\n<meta name=\"author\" content=\"Oriol Morte\" \/>\n<meta name=\"twitter:card\" content=\"summary_large_image\" \/>\n<meta name=\"twitter:creator\" content=\"@oriolmorte\" \/>\n<meta name=\"twitter:site\" content=\"@oriolmorte\" \/>\n<meta name=\"twitter:label1\" content=\"Escrito por\" \/>\n\t<meta name=\"twitter:data1\" content=\"Oriol Morte\" \/>\n<script type=\"application\/ld+json\" class=\"yoast-schema-graph\">{\"@context\":\"https:\/\/schema.org\",\"@graph\":[{\"@type\":\"Article\",\"@id\":\"https:\/\/www.oriolmorte.com\/es\/2009\/03\/01\/publicacion-en-la-revista-vidaestetica-de-marzo-de-2009\/#article\",\"isPartOf\":{\"@id\":\"https:\/\/www.oriolmorte.com\/es\/2009\/03\/01\/publicacion-en-la-revista-vidaestetica-de-marzo-de-2009\/\"},\"author\":{\"name\":\"Oriol Morte\",\"@id\":\"https:\/\/www.oriolmorte.com\/es\/#\/schema\/person\/c939f3cb1e4f0e0d005eba682aa7f5a3\"},\"headline\":\"Publicaci\u00f3n en la revista Vidaest\u00e9tica de Marzo de 2009\",\"datePublished\":\"2009-03-01T00:00:00+00:00\",\"dateModified\":\"2020-03-27T11:34:39+00:00\",\"mainEntityOfPage\":{\"@id\":\"https:\/\/www.oriolmorte.com\/es\/2009\/03\/01\/publicacion-en-la-revista-vidaestetica-de-marzo-de-2009\/\"},\"wordCount\":48,\"publisher\":{\"@id\":\"https:\/\/www.oriolmorte.com\/es\/#\/schema\/person\/c939f3cb1e4f0e0d005eba682aa7f5a3\"},\"image\":{\"@id\":\"https:\/\/www.oriolmorte.com\/es\/2009\/03\/01\/publicacion-en-la-revista-vidaestetica-de-marzo-de-2009\/#primaryimage\"},\"thumbnailUrl\":\"https:\/\/www.oriolmorte.com\/wp-content\/uploads\/2009\/03\/vidaestetica_marzo_2009_oriol_morte_featured_blog.jpg\",\"articleSection\":[\"Editorial\"],\"inLanguage\":\"es\"},{\"@type\":\"WebPage\",\"@id\":\"https:\/\/www.oriolmorte.com\/es\/2009\/03\/01\/publicacion-en-la-revista-vidaestetica-de-marzo-de-2009\/\",\"url\":\"https:\/\/www.oriolmorte.com\/es\/2009\/03\/01\/publicacion-en-la-revista-vidaestetica-de-marzo-de-2009\/\",\"name\":\"Publicaci\u00f3n en la revista Vidaest\u00e9tica de Marzo de 2009 - Oriol Morte | Visuals\",\"isPartOf\":{\"@id\":\"https:\/\/www.oriolmorte.com\/es\/#website\"},\"primaryImageOfPage\":{\"@id\":\"https:\/\/www.oriolmorte.com\/es\/2009\/03\/01\/publicacion-en-la-revista-vidaestetica-de-marzo-de-2009\/#primaryimage\"},\"image\":{\"@id\":\"https:\/\/www.oriolmorte.com\/es\/2009\/03\/01\/publicacion-en-la-revista-vidaestetica-de-marzo-de-2009\/#primaryimage\"},\"thumbnailUrl\":\"https:\/\/www.oriolmorte.com\/wp-content\/uploads\/2009\/03\/vidaestetica_marzo_2009_oriol_morte_featured_blog.jpg\",\"datePublished\":\"2009-03-01T00:00:00+00:00\",\"dateModified\":\"2020-03-27T11:34:39+00:00\",\"description\":\"Este mes ha sido publicada en la p\u00e1gina 48 de la revista Vidaest\u00e9tica una fotograf\u00eda de Francesc Salvador que formaba del trabajo que hice para Begil.\",\"breadcrumb\":{\"@id\":\"https:\/\/www.oriolmorte.com\/es\/2009\/03\/01\/publicacion-en-la-revista-vidaestetica-de-marzo-de-2009\/#breadcrumb\"},\"inLanguage\":\"es\",\"potentialAction\":[{\"@type\":\"ReadAction\",\"target\":[\"https:\/\/www.oriolmorte.com\/es\/2009\/03\/01\/publicacion-en-la-revista-vidaestetica-de-marzo-de-2009\/\"]}]},{\"@type\":\"ImageObject\",\"inLanguage\":\"es\",\"@id\":\"https:\/\/www.oriolmorte.com\/es\/2009\/03\/01\/publicacion-en-la-revista-vidaestetica-de-marzo-de-2009\/#primaryimage\",\"url\":\"https:\/\/www.oriolmorte.com\/wp-content\/uploads\/2009\/03\/vidaestetica_marzo_2009_oriol_morte_featured_blog.jpg\",\"contentUrl\":\"https:\/\/www.oriolmorte.com\/wp-content\/uploads\/2009\/03\/vidaestetica_marzo_2009_oriol_morte_featured_blog.jpg\",\"width\":485,\"height\":647},{\"@type\":\"BreadcrumbList\",\"@id\":\"https:\/\/www.oriolmorte.com\/es\/2009\/03\/01\/publicacion-en-la-revista-vidaestetica-de-marzo-de-2009\/#breadcrumb\",\"itemListElement\":[{\"@type\":\"ListItem\",\"position\":1,\"name\":\"Home\",\"item\":\"https:\/\/www.oriolmorte.com\/es\/\"},{\"@type\":\"ListItem\",\"position\":2,\"name\":\"Publicaci\u00f3n en la revista Vidaest\u00e9tica de Marzo de 2009\"}]},{\"@type\":\"WebSite\",\"@id\":\"https:\/\/www.oriolmorte.com\/es\/#website\",\"url\":\"https:\/\/www.oriolmorte.com\/es\/\",\"name\":\"Oriol Morte | Visuals\",\"description\":\"Photography\",\"publisher\":{\"@id\":\"https:\/\/www.oriolmorte.com\/es\/#\/schema\/person\/c939f3cb1e4f0e0d005eba682aa7f5a3\"},\"potentialAction\":[{\"@type\":\"SearchAction\",\"target\":{\"@type\":\"EntryPoint\",\"urlTemplate\":\"https:\/\/www.oriolmorte.com\/es\/?s={search_term_string}\"},\"query-input\":{\"@type\":\"PropertyValueSpecification\",\"valueRequired\":true,\"valueName\":\"search_term_string\"}}],\"inLanguage\":\"es\"},{\"@type\":[\"Person\",\"Organization\"],\"@id\":\"https:\/\/www.oriolmorte.com\/es\/#\/schema\/person\/c939f3cb1e4f0e0d005eba682aa7f5a3\",\"name\":\"Oriol Morte\",\"image\":{\"@type\":\"ImageObject\",\"inLanguage\":\"es\",\"@id\":\"https:\/\/www.oriolmorte.com\/es\/#\/schema\/person\/image\/\",\"url\":\"https:\/\/www.oriolmorte.com\/wp-content\/uploads\/2014\/03\/logo_OM_black_translucent_background.png\",\"contentUrl\":\"https:\/\/www.oriolmorte.com\/wp-content\/uploads\/2014\/03\/logo_OM_black_translucent_background.png\",\"width\":500,\"height\":500,\"caption\":\"Oriol Morte\"},\"logo\":{\"@id\":\"https:\/\/www.oriolmorte.com\/es\/#\/schema\/person\/image\/\"},\"description\":\"Photographer since 2002\",\"url\":\"https:\/\/www.oriolmorte.com\/es\/author\/oriolmorte\/\"}]}<\/script>\n<!-- \/ Yoast SEO plugin. -->","yoast_head_json":{"title":"Publicaci\u00f3n en la revista Vidaest\u00e9tica de Marzo de 2009 - Oriol Morte | Visuals","description":"Este mes ha sido publicada en la p\u00e1gina 48 de la revista Vidaest\u00e9tica una fotograf\u00eda de Francesc Salvador que formaba del trabajo que hice para Begil.","robots":{"index":"index","follow":"follow","max-snippet":"max-snippet:-1","max-image-preview":"max-image-preview:large","max-video-preview":"max-video-preview:-1"},"canonical":"https:\/\/www.oriolmorte.com\/es\/2009\/03\/01\/publicacion-en-la-revista-vidaestetica-de-marzo-de-2009\/","og_locale":"es_ES","og_type":"article","og_title":"Publicaci\u00f3n en la revista Vidaest\u00e9tica de Marzo de 2009 - Oriol Morte | Visuals","og_description":"Este mes ha sido publicada en la p\u00e1gina 48 de la revista Vidaest\u00e9tica una fotograf\u00eda de Francesc Salvador que formaba del trabajo que hice para Begil.","og_url":"https:\/\/www.oriolmorte.com\/es\/2009\/03\/01\/publicacion-en-la-revista-vidaestetica-de-marzo-de-2009\/","og_site_name":"Oriol Morte | Visuals","article_published_time":"2009-03-01T00:00:00+00:00","article_modified_time":"2020-03-27T11:34:39+00:00","og_image":[{"width":485,"height":647,"url":"https:\/\/www.oriolmorte.com\/wp-content\/uploads\/2009\/03\/vidaestetica_marzo_2009_oriol_morte_featured_blog.jpg","type":"image\/jpeg"}],"author":"Oriol Morte","twitter_card":"summary_large_image","twitter_creator":"@oriolmorte","twitter_site":"@oriolmorte","twitter_misc":{"Escrito por":"Oriol Morte"},"schema":{"@context":"https:\/\/schema.org","@graph":[{"@type":"Article","@id":"https:\/\/www.oriolmorte.com\/es\/2009\/03\/01\/publicacion-en-la-revista-vidaestetica-de-marzo-de-2009\/#article","isPartOf":{"@id":"https:\/\/www.oriolmorte.com\/es\/2009\/03\/01\/publicacion-en-la-revista-vidaestetica-de-marzo-de-2009\/"},"author":{"name":"Oriol Morte","@id":"https:\/\/www.oriolmorte.com\/es\/#\/schema\/person\/c939f3cb1e4f0e0d005eba682aa7f5a3"},"headline":"Publicaci\u00f3n en la revista Vidaest\u00e9tica de Marzo de 2009","datePublished":"2009-03-01T00:00:00+00:00","dateModified":"2020-03-27T11:34:39+00:00","mainEntityOfPage":{"@id":"https:\/\/www.oriolmorte.com\/es\/2009\/03\/01\/publicacion-en-la-revista-vidaestetica-de-marzo-de-2009\/"},"wordCount":48,"publisher":{"@id":"https:\/\/www.oriolmorte.com\/es\/#\/schema\/person\/c939f3cb1e4f0e0d005eba682aa7f5a3"},"image":{"@id":"https:\/\/www.oriolmorte.com\/es\/2009\/03\/01\/publicacion-en-la-revista-vidaestetica-de-marzo-de-2009\/#primaryimage"},"thumbnailUrl":"https:\/\/www.oriolmorte.com\/wp-content\/uploads\/2009\/03\/vidaestetica_marzo_2009_oriol_morte_featured_blog.jpg","articleSection":["Editorial"],"inLanguage":"es"},{"@type":"WebPage","@id":"https:\/\/www.oriolmorte.com\/es\/2009\/03\/01\/publicacion-en-la-revista-vidaestetica-de-marzo-de-2009\/","url":"https:\/\/www.oriolmorte.com\/es\/2009\/03\/01\/publicacion-en-la-revista-vidaestetica-de-marzo-de-2009\/","name":"Publicaci\u00f3n en la revista Vidaest\u00e9tica de Marzo de 2009 - Oriol Morte | Visuals","isPartOf":{"@id":"https:\/\/www.oriolmorte.com\/es\/#website"},"primaryImageOfPage":{"@id":"https:\/\/www.oriolmorte.com\/es\/2009\/03\/01\/publicacion-en-la-revista-vidaestetica-de-marzo-de-2009\/#primaryimage"},"image":{"@id":"https:\/\/www.oriolmorte.com\/es\/2009\/03\/01\/publicacion-en-la-revista-vidaestetica-de-marzo-de-2009\/#primaryimage"},"thumbnailUrl":"https:\/\/www.oriolmorte.com\/wp-content\/uploads\/2009\/03\/vidaestetica_marzo_2009_oriol_morte_featured_blog.jpg","datePublished":"2009-03-01T00:00:00+00:00","dateModified":"2020-03-27T11:34:39+00:00","description":"Este mes ha sido publicada en la p\u00e1gina 48 de la revista Vidaest\u00e9tica una fotograf\u00eda de Francesc Salvador que formaba del trabajo que hice para Begil.","breadcrumb":{"@id":"https:\/\/www.oriolmorte.com\/es\/2009\/03\/01\/publicacion-en-la-revista-vidaestetica-de-marzo-de-2009\/#breadcrumb"},"inLanguage":"es","potentialAction":[{"@type":"ReadAction","target":["https:\/\/www.oriolmorte.com\/es\/2009\/03\/01\/publicacion-en-la-revista-vidaestetica-de-marzo-de-2009\/"]}]},{"@type":"ImageObject","inLanguage":"es","@id":"https:\/\/www.oriolmorte.com\/es\/2009\/03\/01\/publicacion-en-la-revista-vidaestetica-de-marzo-de-2009\/#primaryimage","url":"https:\/\/www.oriolmorte.com\/wp-content\/uploads\/2009\/03\/vidaestetica_marzo_2009_oriol_morte_featured_blog.jpg","contentUrl":"https:\/\/www.oriolmorte.com\/wp-content\/uploads\/2009\/03\/vidaestetica_marzo_2009_oriol_morte_featured_blog.jpg","width":485,"height":647},{"@type":"BreadcrumbList","@id":"https:\/\/www.oriolmorte.com\/es\/2009\/03\/01\/publicacion-en-la-revista-vidaestetica-de-marzo-de-2009\/#breadcrumb","itemListElement":[{"@type":"ListItem","position":1,"name":"Home","item":"https:\/\/www.oriolmorte.com\/es\/"},{"@type":"ListItem","position":2,"name":"Publicaci\u00f3n en la revista Vidaest\u00e9tica de Marzo de 2009"}]},{"@type":"WebSite","@id":"https:\/\/www.oriolmorte.com\/es\/#website","url":"https:\/\/www.oriolmorte.com\/es\/","name":"Oriol Morte | Visuals","description":"Photography","publisher":{"@id":"https:\/\/www.oriolmorte.com\/es\/#\/schema\/person\/c939f3cb1e4f0e0d005eba682aa7f5a3"},"potentialAction":[{"@type":"SearchAction","target":{"@type":"EntryPoint","urlTemplate":"https:\/\/www.oriolmorte.com\/es\/?s={search_term_string}"},"query-input":{"@type":"PropertyValueSpecification","valueRequired":true,"valueName":"search_term_string"}}],"inLanguage":"es"},{"@type":["Person","Organization"],"@id":"https:\/\/www.oriolmorte.com\/es\/#\/schema\/person\/c939f3cb1e4f0e0d005eba682aa7f5a3","name":"Oriol Morte","image":{"@type":"ImageObject","inLanguage":"es","@id":"https:\/\/www.oriolmorte.com\/es\/#\/schema\/person\/image\/","url":"https:\/\/www.oriolmorte.com\/wp-content\/uploads\/2014\/03\/logo_OM_black_translucent_background.png","contentUrl":"https:\/\/www.oriolmorte.com\/wp-content\/uploads\/2014\/03\/logo_OM_black_translucent_background.png","width":500,"height":500,"caption":"Oriol Morte"},"logo":{"@id":"https:\/\/www.oriolmorte.com\/es\/#\/schema\/person\/image\/"},"description":"Photographer since 2002","url":"https:\/\/www.oriolmorte.com\/es\/author\/oriolmorte\/"}]}},"_links":{"self":[{"href":"https:\/\/www.oriolmorte.com\/es\/wp-json\/wp\/v2\/posts\/6000"}],"collection":[{"href":"https:\/\/www.oriolmorte.com\/es\/wp-json\/wp\/v2\/posts"}],"about":[{"href":"https:\/\/www.oriolmorte.com\/es\/wp-json\/wp\/v2\/types\/post"}],"author":[{"embeddable":true,"href":"https:\/\/www.oriolmorte.com\/es\/wp-json\/wp\/v2\/users\/4"}],"replies":[{"embeddable":true,"href":"https:\/\/www.oriolmorte.com\/es\/wp-json\/wp\/v2\/comments?post=6000"}],"version-history":[{"count":2,"href":"https:\/\/www.oriolmorte.com\/es\/wp-json\/wp\/v2\/posts\/6000\/revisions"}],"predecessor-version":[{"id":45697,"href":"https:\/\/www.oriolmorte.com\/es\/wp-json\/wp\/v2\/posts\/6000\/revisions\/45697"}],"wp:featuredmedia":[{"embeddable":true,"href":"https:\/\/www.oriolmorte.com\/es\/wp-json\/wp\/v2\/media\/5993"}],"wp:attachment":[{"href":"https:\/\/www.oriolmorte.com\/es\/wp-json\/wp\/v2\/media?parent=6000"}],"wp:term":[{"taxonomy":"category","embeddable":true,"href":"https:\/\/www.oriolmorte.com\/es\/wp-json\/wp\/v2\/categories?post=6000"},{"taxonomy":"post_tag","embeddable":true,"href":"https:\/\/www.oriolmorte.com\/es\/wp-json\/wp\/v2\/tags?post=6000"}],"curies":[{"name":"wp","href":"https:\/\/api.w.org\/{rel}","templated":true}]}}