{"id":34638,"date":"2013-12-28T00:01:55","date_gmt":"2013-12-27T23:01:55","guid":{"rendered":"http:\/\/www.oriolmorte.com\/?p=34638"},"modified":"2019-06-02T17:55:43","modified_gmt":"2019-06-02T15:55:43","slug":"5-dias-de-otono-en-las-dolomitas","status":"publish","type":"post","link":"https:\/\/www.oriolmorte.com\/es\/2013\/12\/28\/5-dias-de-otono-en-las-dolomitas\/","title":{"rendered":"5 d\u00edas de oto\u00f1o en las Dolomitas"},"content":{"rendered":"<p style=\"text-align: justify;\"><!--?xml version=\"1.0\" encoding=\"UTF-8\" standalone=\"no\"?--> Los \u00faltimos dos a\u00f1os he o\u00eddo un buen n\u00famero de veces acerca de las Dolomitas. Solamente sab\u00eda que son un grupo de monta\u00f1as en el noreste de Italia pegado a la frontera con Austria. No solamente italianos me han hablado de las Dolomitas. Incluso amigos que han estado all\u00ed y tuvieron un muy buen recuerdo. Durante mi viaje por el norte de Italia, 5 d\u00edas de oto\u00f1o en las Dolomitas fueron la combinaci\u00f3n perfecta.<\/p>\n<p>\u00a0<\/p>\n<div style=\"text-align: justify;\"><\/div>\n<h2 style=\"text-align: justify;\">Preparando el viaje<\/h2>\n<div style=\"text-align: justify;\"><\/div>\n<div style=\"text-align: justify;\">Viaj\u00e9 a Italia realmente enfocado a disfrutar y sacar provecho de mis d\u00edas en las Dolomitas. El plan fue el de no dirigirse hacia las Dolomitas hasta que la previsi\u00f3n fuera adecuada. Eso no significa necesariamente sol pero s\u00ed buenas condiciones para la fotograf\u00eda. Sabiendo que las condiciones clim\u00e1ticas en las monta\u00f1as son tan cambiantes, aun as\u00ed se puede preveer cual ser\u00e1 el patr\u00f3n del tiempo unos pocos d\u00edas antes. El equipo fotogr\u00e1fico para estos 5 d\u00edas de oto\u00f1o en las Dolomitas fueron la 5Dmk2 junto a mis lentes favoritas para viaje, el 24-70 f2.8L y el 70-200 f2.8L. El tr\u00edpode es absolutamente necesario para crear fotos y panor\u00e1micas de paisajes n\u00edtidas y de calidad.<\/div>\n<div style=\"text-align: justify;\"><\/div>\n<div style=\"text-align: justify;\">Viaj\u00e9 todo el tiempo en coche. Era la mejor forma para ver y visitar como m\u00e1s sitios mejor. Sab\u00eda que las caminatas hubieran sido una actividad fant\u00e1stica pero habr\u00eda perdido la oportunidad de ver muchos sitios interesantes tambi\u00e9n.<\/div>\n<div style=\"text-align: justify;\"><\/div>\n<div style=\"text-align: justify;\">Desde que el cuartel general lo ten\u00eda en Penia (Val di Fassa), cada d\u00eda el plan era organizado en funci\u00f3n a las condiciones clim\u00e1ticas y las localizaciones interesantes organizadas por grupos dentro de cada zona.<\/div>\n<div style=\"text-align: justify;\"><\/div>\n<p>\u00a0<\/p>\n<h2 style=\"text-align: justify;\">Camino a las Dolomitas a lo largo del Lago di Garda hasta Canazei<\/h2>\n<div style=\"text-align: justify;\"><\/div>\n<div style=\"text-align: justify;\">Partiendo desde la provincia de Cremona, la primera parada fue en Castellaro Lagusello. Es realmente un peque\u00f1o y encantador pueblo muy cerca de Monzambano y a la vez muy tranquilo. Merec\u00eda algunas fotograf\u00edas.<\/div>\n<div style=\"text-align: justify;\"><\/div>\n<div style=\"text-align: justify;\">Una vez dejas Castellaro Lagusello atr\u00e1s y conduces direcci\u00f3n las Dolomitas, la mejor opci\u00f3n para disfrutar de bonitos paisajes en el camino es la carretera SR249\/SS249 hasta Riva del Garda. A pesar de haber tenido una luz terrible ese d\u00eda, a\u00fan mereci\u00f3 la pena siendo digno de ver el paisaje a lo largo de ese gran lago.<\/div>\n<div style=\"text-align: justify;\"><\/div>\n<div style=\"text-align: justify;\">La \u00faltima parada fue en Penia, un pueblecito de monta\u00f1a al lado de Canazei, en Val di Fassa. Ese pueblo fue el cuartel general para los 5 d\u00edas de oto\u00f1o en las Dolomitas. El mejor regalo que tuve fue una intensa nevada la primera ma\u00f1ana. Eso dej\u00f3 una mezcla preciosa entre nieve y tonos oto\u00f1ales.<\/div>\n<p>\u00a0<\/p>\n<div style=\"text-align: justify;\"><\/div>\n<div style=\"text-align: center;\"><img fetchpriority=\"high\" decoding=\"async\" class=\"alignnone size-medium wp-image-7389\" src=\"http:\/\/www.oriolmorte.com\/wp-content\/uploads\/2014\/01\/MG_5063-Edit_oriol_morte_blog-710x266.jpg\" alt=\"5 days in Dolomites's Autumn\" width=\"710\" height=\"266\" srcset=\"https:\/\/www.oriolmorte.com\/wp-content\/uploads\/2014\/01\/MG_5063-Edit_oriol_morte_blog-710x266.jpg 710w, https:\/\/www.oriolmorte.com\/wp-content\/uploads\/2014\/01\/MG_5063-Edit_oriol_morte_blog-600x225.jpg 600w, https:\/\/www.oriolmorte.com\/wp-content\/uploads\/2014\/01\/MG_5063-Edit_oriol_morte_blog-1030x385.jpg 1030w, https:\/\/www.oriolmorte.com\/wp-content\/uploads\/2014\/01\/MG_5063-Edit_oriol_morte_blog-705x264.jpg 705w, https:\/\/www.oriolmorte.com\/wp-content\/uploads\/2014\/01\/MG_5063-Edit_oriol_morte_blog.jpg 1420w\" sizes=\"(max-width: 710px) 100vw, 710px\" \/><\/div>\n<p>\u00a0<\/p>\n<h2 style=\"text-align: justify;\">Val di Funes, Lago Misurina, Lago di Carezza, Passo Sella, Pordoi, Giau, Gardena y Fedaia<\/h2>\n<p style=\"text-align: justify;\">Los siguientes d\u00edas proced\u00ed a moverme arriba y abajo de un lado a otro. Picos, pasos, pueblos y valles. Conduc\u00ed hasta el Paso Sella, Passo Pordoi, Passo Giau, Passo Gardena i Passo Fedaia. Los lagos Misurina y el de Carezza son de visita obligada. Escondido entre los valles, cuando llegas a Val di Funes te encuentras con un maravilloso pueblo, Santa Maddalena, que descansa en los pies del Odle. A decir verdad es uno de los rincones m\u00e1s bonitos que puedes visitar en las Dolomitas.<\/p>\n<p><img decoding=\"async\" class=\"alignnone size-medium wp-image-7380 aligncenter\" src=\"http:\/\/www.oriolmorte.com\/wp-content\/uploads\/2014\/01\/MG_4618_oriol_morte_blog-710x319.jpg\" alt=\"5 days in Dolomites's Autumn\" width=\"710\" height=\"319\" srcset=\"https:\/\/www.oriolmorte.com\/wp-content\/uploads\/2014\/01\/MG_4618_oriol_morte_blog-710x319.jpg 710w, https:\/\/www.oriolmorte.com\/wp-content\/uploads\/2014\/01\/MG_4618_oriol_morte_blog-600x270.jpg 600w, https:\/\/www.oriolmorte.com\/wp-content\/uploads\/2014\/01\/MG_4618_oriol_morte_blog-1030x463.jpg 1030w, https:\/\/www.oriolmorte.com\/wp-content\/uploads\/2014\/01\/MG_4618_oriol_morte_blog-705x317.jpg 705w, https:\/\/www.oriolmorte.com\/wp-content\/uploads\/2014\/01\/MG_4618_oriol_morte_blog.jpg 1420w\" sizes=\"(max-width: 710px) 100vw, 710px\" \/> <img decoding=\"async\" class=\"alignnone size-medium wp-image-7377 aligncenter\" src=\"http:\/\/www.oriolmorte.com\/wp-content\/uploads\/2014\/01\/MG_4321-Edit_oriol_morte_blog-710x281.jpg\" alt=\"5 days in Dolomites's Autumn\" width=\"710\" height=\"281\" srcset=\"https:\/\/www.oriolmorte.com\/wp-content\/uploads\/2014\/01\/MG_4321-Edit_oriol_morte_blog-710x281.jpg 710w, https:\/\/www.oriolmorte.com\/wp-content\/uploads\/2014\/01\/MG_4321-Edit_oriol_morte_blog-600x238.jpg 600w, https:\/\/www.oriolmorte.com\/wp-content\/uploads\/2014\/01\/MG_4321-Edit_oriol_morte_blog-1030x408.jpg 1030w, https:\/\/www.oriolmorte.com\/wp-content\/uploads\/2014\/01\/MG_4321-Edit_oriol_morte_blog-705x279.jpg 705w, https:\/\/www.oriolmorte.com\/wp-content\/uploads\/2014\/01\/MG_4321-Edit_oriol_morte_blog.jpg 1420w\" sizes=\"(max-width: 710px) 100vw, 710px\" \/> <img loading=\"lazy\" decoding=\"async\" class=\"alignnone size-medium wp-image-7386 aligncenter\" src=\"http:\/\/www.oriolmorte.com\/wp-content\/uploads\/2014\/01\/MG_4921_oriol_morte_blog-710x473.jpg\" alt=\"5 days in Dolomites's Autumn\" width=\"710\" height=\"473\" srcset=\"https:\/\/www.oriolmorte.com\/wp-content\/uploads\/2014\/01\/MG_4921_oriol_morte_blog-710x473.jpg 710w, https:\/\/www.oriolmorte.com\/wp-content\/uploads\/2014\/01\/MG_4921_oriol_morte_blog-600x400.jpg 600w, https:\/\/www.oriolmorte.com\/wp-content\/uploads\/2014\/01\/MG_4921_oriol_morte_blog-899x600.jpg 899w, https:\/\/www.oriolmorte.com\/wp-content\/uploads\/2014\/01\/MG_4921_oriol_morte_blog-705x470.jpg 705w, https:\/\/www.oriolmorte.com\/wp-content\/uploads\/2014\/01\/MG_4921_oriol_morte_blog.jpg 1420w\" sizes=\"(max-width: 710px) 100vw, 710px\" \/><\/p>\n<p style=\"text-align: justify;\">Realmente merece la pena madrugar antes del amanecer y dirigirse a lo m\u00e1s alto para observar qu\u00e9 bonito es el sol rojo brillando con sus primeros rayos de luz sobre las monta\u00f1as.<\/p>\n<p>\u00a0<\/p>\n<p style=\"text-align: center;\"><img loading=\"lazy\" decoding=\"async\" class=\"alignnone size-medium wp-image-7383\" src=\"http:\/\/www.oriolmorte.com\/wp-content\/uploads\/2014\/01\/MG_4729-Edit_oriol_morte_blog-710x213.jpg\" alt=\"5 days in Dolomites's Autumn\" width=\"710\" height=\"213\" srcset=\"https:\/\/www.oriolmorte.com\/wp-content\/uploads\/2014\/01\/MG_4729-Edit_oriol_morte_blog-710x213.jpg 710w, https:\/\/www.oriolmorte.com\/wp-content\/uploads\/2014\/01\/MG_4729-Edit_oriol_morte_blog-600x180.jpg 600w, https:\/\/www.oriolmorte.com\/wp-content\/uploads\/2014\/01\/MG_4729-Edit_oriol_morte_blog-1030x309.jpg 1030w, https:\/\/www.oriolmorte.com\/wp-content\/uploads\/2014\/01\/MG_4729-Edit_oriol_morte_blog-705x211.jpg 705w, https:\/\/www.oriolmorte.com\/wp-content\/uploads\/2014\/01\/MG_4729-Edit_oriol_morte_blog.jpg 1420w\" sizes=\"(max-width: 710px) 100vw, 710px\" \/><\/p>\n<p>\u00a0<\/p>\n<p style=\"text-align: justify;\">Entrad aqu\u00ed a visitar la <a title=\"Italia\" href=\"http:\/\/www.oriolmorte.com\/gallery\/italia\/?lang=es\">Galer\u00eda de Italia<\/a> con la colecci\u00f3n completa de esos 5 d\u00edas de oto\u00f1o en las Dolomitas.<\/p>\n<p>\u00a0<\/p>\n","protected":false},"excerpt":{"rendered":"<p>Los \u00faltimos dos a\u00f1os he o\u00eddo un buen n\u00famero de veces acerca de las Dolomitas. Solamente sab\u00eda que son un grupo de monta\u00f1as en el noreste de Italia pegado a la frontera con Austria. No solamente italianos me han hablado de las Dolomitas. Incluso amigos que han estado all\u00ed y tuvieron un muy buen recuerdo. Durante mi viaje por el norte de Italia, 5 d\u00edas de oto\u00f1o en las Dolomitas fueron la combinaci\u00f3n perfecta. \u00a0 Preparando el viaje Viaj\u00e9 a [&hellip;]<\/p>\n","protected":false},"author":1,"featured_media":7396,"comment_status":"closed","ping_status":"open","sticky":false,"template":"","format":"standard","meta":{"footnotes":""},"categories":[162,159],"tags":[],"yoast_head":"<!-- This site is optimized with the Yoast SEO plugin v23.5 - https:\/\/yoast.com\/wordpress\/plugins\/seo\/ -->\n<title>5 d\u00edas de oto\u00f1o en las Dolomitas<\/title>\n<meta name=\"description\" content=\"5 d\u00edas de oto\u00f1o en las Dolomitas. Ruta fotogr\u00e1fica por Val di Fassa, Val di Funes, Passo Sella, Pordoi, Gardena, Giau y Fedaia. Lago di Carezza y Misurina\" \/>\n<meta name=\"robots\" content=\"index, follow, max-snippet:-1, max-image-preview:large, max-video-preview:-1\" \/>\n<link rel=\"canonical\" href=\"https:\/\/www.oriolmorte.com\/es\/2013\/12\/28\/5-dias-de-otono-en-las-dolomitas\/\" \/>\n<meta property=\"og:locale\" content=\"es_ES\" \/>\n<meta property=\"og:type\" content=\"article\" \/>\n<meta property=\"og:title\" content=\"5 d\u00edas de oto\u00f1o en las Dolomitas\" \/>\n<meta property=\"og:description\" content=\"5 d\u00edas de oto\u00f1o en las Dolomitas. Ruta fotogr\u00e1fica por Val di Fassa, Val di Funes, Passo Sella, Pordoi, Gardena, Giau y Fedaia. Lago di Carezza y Misurina\" \/>\n<meta property=\"og:url\" content=\"https:\/\/www.oriolmorte.com\/es\/2013\/12\/28\/5-dias-de-otono-en-las-dolomitas\/\" \/>\n<meta property=\"og:site_name\" content=\"Oriol Morte | Visuals\" \/>\n<meta property=\"article:published_time\" content=\"2013-12-27T23:01:55+00:00\" \/>\n<meta property=\"article:modified_time\" content=\"2019-06-02T15:55:43+00:00\" \/>\n<meta property=\"og:image\" content=\"https:\/\/www.oriolmorte.com\/wp-content\/uploads\/2013\/12\/MG_4718_oriol_morte_featured_blog-scaled.jpg\" \/>\n\t<meta property=\"og:image:width\" content=\"2560\" \/>\n\t<meta property=\"og:image:height\" content=\"1707\" \/>\n\t<meta property=\"og:image:type\" content=\"image\/jpeg\" \/>\n<meta name=\"author\" content=\"admin\" \/>\n<meta name=\"twitter:card\" content=\"summary_large_image\" \/>\n<meta name=\"twitter:creator\" content=\"@oriolmorte\" \/>\n<meta name=\"twitter:site\" content=\"@oriolmorte\" \/>\n<meta name=\"twitter:label1\" content=\"Escrito por\" \/>\n\t<meta name=\"twitter:data1\" content=\"admin\" \/>\n\t<meta name=\"twitter:label2\" content=\"Tiempo de lectura\" \/>\n\t<meta name=\"twitter:data2\" content=\"3 minutos\" \/>\n<script type=\"application\/ld+json\" class=\"yoast-schema-graph\">{\"@context\":\"https:\/\/schema.org\",\"@graph\":[{\"@type\":\"Article\",\"@id\":\"https:\/\/www.oriolmorte.com\/es\/2013\/12\/28\/5-dias-de-otono-en-las-dolomitas\/#article\",\"isPartOf\":{\"@id\":\"https:\/\/www.oriolmorte.com\/es\/2013\/12\/28\/5-dias-de-otono-en-las-dolomitas\/\"},\"author\":{\"name\":\"admin\",\"@id\":\"https:\/\/www.oriolmorte.com\/es\/#\/schema\/person\/b6d3a5a10e3bb05672a54be24d835541\"},\"headline\":\"5 d\u00edas de oto\u00f1o en las Dolomitas\",\"datePublished\":\"2013-12-27T23:01:55+00:00\",\"dateModified\":\"2019-06-02T15:55:43+00:00\",\"mainEntityOfPage\":{\"@id\":\"https:\/\/www.oriolmorte.com\/es\/2013\/12\/28\/5-dias-de-otono-en-las-dolomitas\/\"},\"wordCount\":641,\"publisher\":{\"@id\":\"https:\/\/www.oriolmorte.com\/es\/#\/schema\/person\/c939f3cb1e4f0e0d005eba682aa7f5a3\"},\"image\":{\"@id\":\"https:\/\/www.oriolmorte.com\/es\/2013\/12\/28\/5-dias-de-otono-en-las-dolomitas\/#primaryimage\"},\"thumbnailUrl\":\"https:\/\/www.oriolmorte.com\/wp-content\/uploads\/2013\/12\/MG_4718_oriol_morte_featured_blog-scaled.jpg\",\"articleSection\":[\"Paisaje\",\"Viajes\"],\"inLanguage\":\"es\"},{\"@type\":\"WebPage\",\"@id\":\"https:\/\/www.oriolmorte.com\/es\/2013\/12\/28\/5-dias-de-otono-en-las-dolomitas\/\",\"url\":\"https:\/\/www.oriolmorte.com\/es\/2013\/12\/28\/5-dias-de-otono-en-las-dolomitas\/\",\"name\":\"5 d\u00edas de oto\u00f1o en las Dolomitas\",\"isPartOf\":{\"@id\":\"https:\/\/www.oriolmorte.com\/es\/#website\"},\"primaryImageOfPage\":{\"@id\":\"https:\/\/www.oriolmorte.com\/es\/2013\/12\/28\/5-dias-de-otono-en-las-dolomitas\/#primaryimage\"},\"image\":{\"@id\":\"https:\/\/www.oriolmorte.com\/es\/2013\/12\/28\/5-dias-de-otono-en-las-dolomitas\/#primaryimage\"},\"thumbnailUrl\":\"https:\/\/www.oriolmorte.com\/wp-content\/uploads\/2013\/12\/MG_4718_oriol_morte_featured_blog-scaled.jpg\",\"datePublished\":\"2013-12-27T23:01:55+00:00\",\"dateModified\":\"2019-06-02T15:55:43+00:00\",\"description\":\"5 d\u00edas de oto\u00f1o en las Dolomitas. Ruta fotogr\u00e1fica por Val di Fassa, Val di Funes, Passo Sella, Pordoi, Gardena, Giau y Fedaia. Lago di Carezza y Misurina\",\"breadcrumb\":{\"@id\":\"https:\/\/www.oriolmorte.com\/es\/2013\/12\/28\/5-dias-de-otono-en-las-dolomitas\/#breadcrumb\"},\"inLanguage\":\"es\",\"potentialAction\":[{\"@type\":\"ReadAction\",\"target\":[\"https:\/\/www.oriolmorte.com\/es\/2013\/12\/28\/5-dias-de-otono-en-las-dolomitas\/\"]}]},{\"@type\":\"ImageObject\",\"inLanguage\":\"es\",\"@id\":\"https:\/\/www.oriolmorte.com\/es\/2013\/12\/28\/5-dias-de-otono-en-las-dolomitas\/#primaryimage\",\"url\":\"https:\/\/www.oriolmorte.com\/wp-content\/uploads\/2013\/12\/MG_4718_oriol_morte_featured_blog-scaled.jpg\",\"contentUrl\":\"https:\/\/www.oriolmorte.com\/wp-content\/uploads\/2013\/12\/MG_4718_oriol_morte_featured_blog-scaled.jpg\",\"width\":2560,\"height\":1707,\"caption\":\"5 d\u00edas de oto\u00f1o en las Dolomitas\"},{\"@type\":\"BreadcrumbList\",\"@id\":\"https:\/\/www.oriolmorte.com\/es\/2013\/12\/28\/5-dias-de-otono-en-las-dolomitas\/#breadcrumb\",\"itemListElement\":[{\"@type\":\"ListItem\",\"position\":1,\"name\":\"Home\",\"item\":\"https:\/\/www.oriolmorte.com\/es\/\"},{\"@type\":\"ListItem\",\"position\":2,\"name\":\"5 d\u00edas de oto\u00f1o en las Dolomitas\"}]},{\"@type\":\"WebSite\",\"@id\":\"https:\/\/www.oriolmorte.com\/es\/#website\",\"url\":\"https:\/\/www.oriolmorte.com\/es\/\",\"name\":\"Oriol Morte | Visuals\",\"description\":\"Photography\",\"publisher\":{\"@id\":\"https:\/\/www.oriolmorte.com\/es\/#\/schema\/person\/c939f3cb1e4f0e0d005eba682aa7f5a3\"},\"potentialAction\":[{\"@type\":\"SearchAction\",\"target\":{\"@type\":\"EntryPoint\",\"urlTemplate\":\"https:\/\/www.oriolmorte.com\/es\/?s={search_term_string}\"},\"query-input\":{\"@type\":\"PropertyValueSpecification\",\"valueRequired\":true,\"valueName\":\"search_term_string\"}}],\"inLanguage\":\"es\"},{\"@type\":[\"Person\",\"Organization\"],\"@id\":\"https:\/\/www.oriolmorte.com\/es\/#\/schema\/person\/c939f3cb1e4f0e0d005eba682aa7f5a3\",\"name\":\"Oriol Morte\",\"image\":{\"@type\":\"ImageObject\",\"inLanguage\":\"es\",\"@id\":\"https:\/\/www.oriolmorte.com\/es\/#\/schema\/person\/image\/\",\"url\":\"https:\/\/www.oriolmorte.com\/wp-content\/uploads\/2014\/03\/logo_OM_black_translucent_background.png\",\"contentUrl\":\"https:\/\/www.oriolmorte.com\/wp-content\/uploads\/2014\/03\/logo_OM_black_translucent_background.png\",\"width\":500,\"height\":500,\"caption\":\"Oriol Morte\"},\"logo\":{\"@id\":\"https:\/\/www.oriolmorte.com\/es\/#\/schema\/person\/image\/\"},\"description\":\"Photographer since 2002\"},{\"@type\":\"Person\",\"@id\":\"https:\/\/www.oriolmorte.com\/es\/#\/schema\/person\/b6d3a5a10e3bb05672a54be24d835541\",\"name\":\"admin\",\"image\":{\"@type\":\"ImageObject\",\"inLanguage\":\"es\",\"@id\":\"https:\/\/www.oriolmorte.com\/es\/#\/schema\/person\/image\/\",\"url\":\"https:\/\/secure.gravatar.com\/avatar\/179cf8d436d39a4219565cadb4559248?s=96&d=mm&r=g\",\"contentUrl\":\"https:\/\/secure.gravatar.com\/avatar\/179cf8d436d39a4219565cadb4559248?s=96&d=mm&r=g\",\"caption\":\"admin\"},\"url\":\"https:\/\/www.oriolmorte.com\/es\/author\/admin\/\"}]}<\/script>\n<!-- \/ Yoast SEO plugin. -->","yoast_head_json":{"title":"5 d\u00edas de oto\u00f1o en las Dolomitas","description":"5 d\u00edas de oto\u00f1o en las Dolomitas. Ruta fotogr\u00e1fica por Val di Fassa, Val di Funes, Passo Sella, Pordoi, Gardena, Giau y Fedaia. Lago di Carezza y Misurina","robots":{"index":"index","follow":"follow","max-snippet":"max-snippet:-1","max-image-preview":"max-image-preview:large","max-video-preview":"max-video-preview:-1"},"canonical":"https:\/\/www.oriolmorte.com\/es\/2013\/12\/28\/5-dias-de-otono-en-las-dolomitas\/","og_locale":"es_ES","og_type":"article","og_title":"5 d\u00edas de oto\u00f1o en las Dolomitas","og_description":"5 d\u00edas de oto\u00f1o en las Dolomitas. Ruta fotogr\u00e1fica por Val di Fassa, Val di Funes, Passo Sella, Pordoi, Gardena, Giau y Fedaia. Lago di Carezza y Misurina","og_url":"https:\/\/www.oriolmorte.com\/es\/2013\/12\/28\/5-dias-de-otono-en-las-dolomitas\/","og_site_name":"Oriol Morte | Visuals","article_published_time":"2013-12-27T23:01:55+00:00","article_modified_time":"2019-06-02T15:55:43+00:00","og_image":[{"width":2560,"height":1707,"url":"https:\/\/www.oriolmorte.com\/wp-content\/uploads\/2013\/12\/MG_4718_oriol_morte_featured_blog-scaled.jpg","type":"image\/jpeg"}],"author":"admin","twitter_card":"summary_large_image","twitter_creator":"@oriolmorte","twitter_site":"@oriolmorte","twitter_misc":{"Escrito por":"admin","Tiempo de lectura":"3 minutos"},"schema":{"@context":"https:\/\/schema.org","@graph":[{"@type":"Article","@id":"https:\/\/www.oriolmorte.com\/es\/2013\/12\/28\/5-dias-de-otono-en-las-dolomitas\/#article","isPartOf":{"@id":"https:\/\/www.oriolmorte.com\/es\/2013\/12\/28\/5-dias-de-otono-en-las-dolomitas\/"},"author":{"name":"admin","@id":"https:\/\/www.oriolmorte.com\/es\/#\/schema\/person\/b6d3a5a10e3bb05672a54be24d835541"},"headline":"5 d\u00edas de oto\u00f1o en las Dolomitas","datePublished":"2013-12-27T23:01:55+00:00","dateModified":"2019-06-02T15:55:43+00:00","mainEntityOfPage":{"@id":"https:\/\/www.oriolmorte.com\/es\/2013\/12\/28\/5-dias-de-otono-en-las-dolomitas\/"},"wordCount":641,"publisher":{"@id":"https:\/\/www.oriolmorte.com\/es\/#\/schema\/person\/c939f3cb1e4f0e0d005eba682aa7f5a3"},"image":{"@id":"https:\/\/www.oriolmorte.com\/es\/2013\/12\/28\/5-dias-de-otono-en-las-dolomitas\/#primaryimage"},"thumbnailUrl":"https:\/\/www.oriolmorte.com\/wp-content\/uploads\/2013\/12\/MG_4718_oriol_morte_featured_blog-scaled.jpg","articleSection":["Paisaje","Viajes"],"inLanguage":"es"},{"@type":"WebPage","@id":"https:\/\/www.oriolmorte.com\/es\/2013\/12\/28\/5-dias-de-otono-en-las-dolomitas\/","url":"https:\/\/www.oriolmorte.com\/es\/2013\/12\/28\/5-dias-de-otono-en-las-dolomitas\/","name":"5 d\u00edas de oto\u00f1o en las Dolomitas","isPartOf":{"@id":"https:\/\/www.oriolmorte.com\/es\/#website"},"primaryImageOfPage":{"@id":"https:\/\/www.oriolmorte.com\/es\/2013\/12\/28\/5-dias-de-otono-en-las-dolomitas\/#primaryimage"},"image":{"@id":"https:\/\/www.oriolmorte.com\/es\/2013\/12\/28\/5-dias-de-otono-en-las-dolomitas\/#primaryimage"},"thumbnailUrl":"https:\/\/www.oriolmorte.com\/wp-content\/uploads\/2013\/12\/MG_4718_oriol_morte_featured_blog-scaled.jpg","datePublished":"2013-12-27T23:01:55+00:00","dateModified":"2019-06-02T15:55:43+00:00","description":"5 d\u00edas de oto\u00f1o en las Dolomitas. Ruta fotogr\u00e1fica por Val di Fassa, Val di Funes, Passo Sella, Pordoi, Gardena, Giau y Fedaia. Lago di Carezza y Misurina","breadcrumb":{"@id":"https:\/\/www.oriolmorte.com\/es\/2013\/12\/28\/5-dias-de-otono-en-las-dolomitas\/#breadcrumb"},"inLanguage":"es","potentialAction":[{"@type":"ReadAction","target":["https:\/\/www.oriolmorte.com\/es\/2013\/12\/28\/5-dias-de-otono-en-las-dolomitas\/"]}]},{"@type":"ImageObject","inLanguage":"es","@id":"https:\/\/www.oriolmorte.com\/es\/2013\/12\/28\/5-dias-de-otono-en-las-dolomitas\/#primaryimage","url":"https:\/\/www.oriolmorte.com\/wp-content\/uploads\/2013\/12\/MG_4718_oriol_morte_featured_blog-scaled.jpg","contentUrl":"https:\/\/www.oriolmorte.com\/wp-content\/uploads\/2013\/12\/MG_4718_oriol_morte_featured_blog-scaled.jpg","width":2560,"height":1707,"caption":"5 d\u00edas de oto\u00f1o en las Dolomitas"},{"@type":"BreadcrumbList","@id":"https:\/\/www.oriolmorte.com\/es\/2013\/12\/28\/5-dias-de-otono-en-las-dolomitas\/#breadcrumb","itemListElement":[{"@type":"ListItem","position":1,"name":"Home","item":"https:\/\/www.oriolmorte.com\/es\/"},{"@type":"ListItem","position":2,"name":"5 d\u00edas de oto\u00f1o en las Dolomitas"}]},{"@type":"WebSite","@id":"https:\/\/www.oriolmorte.com\/es\/#website","url":"https:\/\/www.oriolmorte.com\/es\/","name":"Oriol Morte | Visuals","description":"Photography","publisher":{"@id":"https:\/\/www.oriolmorte.com\/es\/#\/schema\/person\/c939f3cb1e4f0e0d005eba682aa7f5a3"},"potentialAction":[{"@type":"SearchAction","target":{"@type":"EntryPoint","urlTemplate":"https:\/\/www.oriolmorte.com\/es\/?s={search_term_string}"},"query-input":{"@type":"PropertyValueSpecification","valueRequired":true,"valueName":"search_term_string"}}],"inLanguage":"es"},{"@type":["Person","Organization"],"@id":"https:\/\/www.oriolmorte.com\/es\/#\/schema\/person\/c939f3cb1e4f0e0d005eba682aa7f5a3","name":"Oriol Morte","image":{"@type":"ImageObject","inLanguage":"es","@id":"https:\/\/www.oriolmorte.com\/es\/#\/schema\/person\/image\/","url":"https:\/\/www.oriolmorte.com\/wp-content\/uploads\/2014\/03\/logo_OM_black_translucent_background.png","contentUrl":"https:\/\/www.oriolmorte.com\/wp-content\/uploads\/2014\/03\/logo_OM_black_translucent_background.png","width":500,"height":500,"caption":"Oriol Morte"},"logo":{"@id":"https:\/\/www.oriolmorte.com\/es\/#\/schema\/person\/image\/"},"description":"Photographer since 2002"},{"@type":"Person","@id":"https:\/\/www.oriolmorte.com\/es\/#\/schema\/person\/b6d3a5a10e3bb05672a54be24d835541","name":"admin","image":{"@type":"ImageObject","inLanguage":"es","@id":"https:\/\/www.oriolmorte.com\/es\/#\/schema\/person\/image\/","url":"https:\/\/secure.gravatar.com\/avatar\/179cf8d436d39a4219565cadb4559248?s=96&d=mm&r=g","contentUrl":"https:\/\/secure.gravatar.com\/avatar\/179cf8d436d39a4219565cadb4559248?s=96&d=mm&r=g","caption":"admin"},"url":"https:\/\/www.oriolmorte.com\/es\/author\/admin\/"}]}},"_links":{"self":[{"href":"https:\/\/www.oriolmorte.com\/es\/wp-json\/wp\/v2\/posts\/34638"}],"collection":[{"href":"https:\/\/www.oriolmorte.com\/es\/wp-json\/wp\/v2\/posts"}],"about":[{"href":"https:\/\/www.oriolmorte.com\/es\/wp-json\/wp\/v2\/types\/post"}],"author":[{"embeddable":true,"href":"https:\/\/www.oriolmorte.com\/es\/wp-json\/wp\/v2\/users\/1"}],"replies":[{"embeddable":true,"href":"https:\/\/www.oriolmorte.com\/es\/wp-json\/wp\/v2\/comments?post=34638"}],"version-history":[{"count":2,"href":"https:\/\/www.oriolmorte.com\/es\/wp-json\/wp\/v2\/posts\/34638\/revisions"}],"predecessor-version":[{"id":43757,"href":"https:\/\/www.oriolmorte.com\/es\/wp-json\/wp\/v2\/posts\/34638\/revisions\/43757"}],"wp:featuredmedia":[{"embeddable":true,"href":"https:\/\/www.oriolmorte.com\/es\/wp-json\/wp\/v2\/media\/7396"}],"wp:attachment":[{"href":"https:\/\/www.oriolmorte.com\/es\/wp-json\/wp\/v2\/media?parent=34638"}],"wp:term":[{"taxonomy":"category","embeddable":true,"href":"https:\/\/www.oriolmorte.com\/es\/wp-json\/wp\/v2\/categories?post=34638"},{"taxonomy":"post_tag","embeddable":true,"href":"https:\/\/www.oriolmorte.com\/es\/wp-json\/wp\/v2\/tags?post=34638"}],"curies":[{"name":"wp","href":"https:\/\/api.w.org\/{rel}","templated":true}]}}