{"id":33750,"date":"2015-01-06T02:37:05","date_gmt":"2015-01-06T01:37:05","guid":{"rendered":"http:\/\/www.oriolmorte.com\/?p=33750"},"modified":"2019-06-02T17:54:07","modified_gmt":"2019-06-02T15:54:07","slug":"boda-de-irma-y-fernando","status":"publish","type":"post","link":"https:\/\/www.oriolmorte.com\/es\/2015\/01\/06\/boda-de-irma-y-fernando\/","title":{"rendered":"Boda de Irma y Fernando"},"content":{"rendered":"<p>Hace unos meses fui invitado y a la vez requerido para hacer fotos en la Boda de Irma y Fernando. Con Fernando nos conocimos hace casi 10 a\u00f1os cuando los dos asistimos a un encuentro de fot\u00f3grafos de <a title=\"Caborian\" href=\"http:\/\/www.caborian.com\" target=\"_blank\" rel=\"noopener noreferrer\">Caborian<\/a>\u00a0en Mallorca.\u00a0\u00c9l naci\u00f3 en Pamplona (Navarra) y sigue viviendo all\u00ed, junto a su mujer, Irma y sus dos hijos Marcos y Andrea.\u00a0Dicho esto, es bastante obvio d\u00f3nde tuvo lugar la boda. Una vez prefiero el rol de fot\u00f3grafo alternativo de boda, le ped\u00ed a Fernando de no ser el \u00fanico fot\u00f3grafo cuando los dos conocemos a muchos fot\u00f3grafos que podr\u00edan haber participado eventualmente. Me encanta buscar la belleza y la est\u00e9tica que se puede encontrar en una boda as\u00ed como el tiempo y oportunidad de hacerlo. Me he dado cuenta que los invitados disfrutan de formar parte de una sesi\u00f3n de fotos improvisada incluso usando iluminaci\u00f3n de estudio y haciendo que alguien sea asistente de fotograf\u00eda por un rato.<img fetchpriority=\"high\" decoding=\"async\" class=\"aligncenter size-medium wp-image-33721\" src=\"http:\/\/www.oriolmorte.com\/wp-content\/uploads\/2015\/01\/R8A5488_oriol_morte_blog-710x473.jpg\" alt=\"Irma &amp; Fernando Wedding\" width=\"710\" height=\"473\" srcset=\"https:\/\/www.oriolmorte.com\/wp-content\/uploads\/2015\/01\/R8A5488_oriol_morte_blog-710x473.jpg 710w, https:\/\/www.oriolmorte.com\/wp-content\/uploads\/2015\/01\/R8A5488_oriol_morte_blog-600x400.jpg 600w, https:\/\/www.oriolmorte.com\/wp-content\/uploads\/2015\/01\/R8A5488_oriol_morte_blog-899x600.jpg 899w, https:\/\/www.oriolmorte.com\/wp-content\/uploads\/2015\/01\/R8A5488_oriol_morte_blog-705x470.jpg 705w, https:\/\/www.oriolmorte.com\/wp-content\/uploads\/2015\/01\/R8A5488_oriol_morte_blog.jpg 1420w\" sizes=\"(max-width: 710px) 100vw, 710px\" \/><img decoding=\"async\" class=\"aligncenter size-medium wp-image-33709\" src=\"http:\/\/www.oriolmorte.com\/wp-content\/uploads\/2015\/01\/R8A5529_oriol_morte_blog-710x473.jpg\" alt=\"Irma &amp; Fernando Wedding\" width=\"710\" height=\"473\" srcset=\"https:\/\/www.oriolmorte.com\/wp-content\/uploads\/2015\/01\/R8A5529_oriol_morte_blog-710x473.jpg 710w, https:\/\/www.oriolmorte.com\/wp-content\/uploads\/2015\/01\/R8A5529_oriol_morte_blog-600x400.jpg 600w, https:\/\/www.oriolmorte.com\/wp-content\/uploads\/2015\/01\/R8A5529_oriol_morte_blog-899x600.jpg 899w, https:\/\/www.oriolmorte.com\/wp-content\/uploads\/2015\/01\/R8A5529_oriol_morte_blog-705x470.jpg 705w, https:\/\/www.oriolmorte.com\/wp-content\/uploads\/2015\/01\/R8A5529_oriol_morte_blog.jpg 1420w\" sizes=\"(max-width: 710px) 100vw, 710px\" \/><img decoding=\"async\" class=\"aligncenter size-full wp-image-33724\" src=\"http:\/\/www.oriolmorte.com\/wp-content\/uploads\/2015\/01\/R8A5550_oriol_morte_blog.jpg\" alt=\"Irma &amp; Fernando Wedding\" width=\"400\" height=\"600\" \/><img loading=\"lazy\" decoding=\"async\" class=\"aligncenter size-full wp-image-33736\" src=\"http:\/\/www.oriolmorte.com\/wp-content\/uploads\/2015\/01\/R8A5579_oriol_morte_blog.jpg\" alt=\"Irma &amp; Fernando Wedding\" width=\"400\" height=\"600\" \/>La boda tuvo lugar en el Ayuntamiento de Mutilva (un pueblo al lado de Pamplona). La ceremonia era bastante \u00edntima, menos de 50 invitados y la pareja trataron de no hacer una boda muy cl\u00e1sica al uso sino algo m\u00e1s contempor\u00e1neo. La sala de la ceremonia estaba decorada principalmente en madera y cristal y ten\u00eda tambi\u00e9n un \u00abinvitado especial\u00bb. La Boda de Irma y Fernando se celebr\u00f3 justo dos d\u00edas despu\u00e9s de la coronaci\u00f3n de \u00a0Felipe VI de Borb\u00f3n como Rey de Espa\u00f1a aunque la sala manten\u00eda la fotograf\u00eda del anterior rey Juan Carlos I.<img loading=\"lazy\" decoding=\"async\" class=\"aligncenter size-full wp-image-33739\" src=\"http:\/\/www.oriolmorte.com\/wp-content\/uploads\/2015\/01\/R8A5618_oriol_morte_blog.jpg\" alt=\"Irma &amp; Fernando Wedding\" width=\"400\" height=\"600\" \/><img loading=\"lazy\" decoding=\"async\" class=\"aligncenter size-full wp-image-33733\" src=\"http:\/\/www.oriolmorte.com\/wp-content\/uploads\/2015\/01\/R8A5648_oriol_morte_blog.jpg\" alt=\"Irma &amp; Fernando Wedding\" width=\"400\" height=\"600\" \/><img loading=\"lazy\" decoding=\"async\" class=\"aligncenter size-medium wp-image-33706\" src=\"http:\/\/www.oriolmorte.com\/wp-content\/uploads\/2015\/01\/R8A5688_oriol_morte_blog-710x473.jpg\" alt=\"Irma &amp; Fernando Wedding\" width=\"710\" height=\"473\" srcset=\"https:\/\/www.oriolmorte.com\/wp-content\/uploads\/2015\/01\/R8A5688_oriol_morte_blog-710x473.jpg 710w, https:\/\/www.oriolmorte.com\/wp-content\/uploads\/2015\/01\/R8A5688_oriol_morte_blog-600x400.jpg 600w, https:\/\/www.oriolmorte.com\/wp-content\/uploads\/2015\/01\/R8A5688_oriol_morte_blog-899x600.jpg 899w, https:\/\/www.oriolmorte.com\/wp-content\/uploads\/2015\/01\/R8A5688_oriol_morte_blog-705x470.jpg 705w, https:\/\/www.oriolmorte.com\/wp-content\/uploads\/2015\/01\/R8A5688_oriol_morte_blog.jpg 1420w\" sizes=\"(max-width: 710px) 100vw, 710px\" \/><img loading=\"lazy\" decoding=\"async\" class=\"aligncenter size-medium wp-image-33715\" src=\"http:\/\/www.oriolmorte.com\/wp-content\/uploads\/2015\/01\/R8A5811_oriol_morte_blog-710x473.jpg\" alt=\"Irma &amp; Fernando Wedding\" width=\"710\" height=\"473\" srcset=\"https:\/\/www.oriolmorte.com\/wp-content\/uploads\/2015\/01\/R8A5811_oriol_morte_blog-710x473.jpg 710w, https:\/\/www.oriolmorte.com\/wp-content\/uploads\/2015\/01\/R8A5811_oriol_morte_blog-600x400.jpg 600w, https:\/\/www.oriolmorte.com\/wp-content\/uploads\/2015\/01\/R8A5811_oriol_morte_blog-899x600.jpg 899w, https:\/\/www.oriolmorte.com\/wp-content\/uploads\/2015\/01\/R8A5811_oriol_morte_blog-705x470.jpg 705w, https:\/\/www.oriolmorte.com\/wp-content\/uploads\/2015\/01\/R8A5811_oriol_morte_blog.jpg 1420w\" sizes=\"(max-width: 710px) 100vw, 710px\" \/><img loading=\"lazy\" decoding=\"async\" class=\"aligncenter size-medium wp-image-33718\" src=\"http:\/\/www.oriolmorte.com\/wp-content\/uploads\/2015\/01\/R8A5753_oriol_morte_blog-710x473.jpg\" alt=\"Irma &amp; Fernando Wedding\" width=\"710\" height=\"473\" srcset=\"https:\/\/www.oriolmorte.com\/wp-content\/uploads\/2015\/01\/R8A5753_oriol_morte_blog-710x473.jpg 710w, https:\/\/www.oriolmorte.com\/wp-content\/uploads\/2015\/01\/R8A5753_oriol_morte_blog-600x400.jpg 600w, https:\/\/www.oriolmorte.com\/wp-content\/uploads\/2015\/01\/R8A5753_oriol_morte_blog-899x600.jpg 899w, https:\/\/www.oriolmorte.com\/wp-content\/uploads\/2015\/01\/R8A5753_oriol_morte_blog-705x470.jpg 705w, https:\/\/www.oriolmorte.com\/wp-content\/uploads\/2015\/01\/R8A5753_oriol_morte_blog.jpg 1420w\" sizes=\"(max-width: 710px) 100vw, 710px\" \/>Como invitado con algunas \u00abtareas\u00bb asignadas no cubr\u00ed la totalidad del evento en fotograf\u00edas para poder disfrutar por un rato del evento. El equipo que us\u00e9 en la Boda de Irma y Fernando fue un cuerpo r\u00e9flex y dos zooms est\u00e1ndar: un 24-70 2,8L y un 70-200 f2,8L. El equipo de iluminaci\u00f3n fue un\u00a0580EXII Speedlight, una peque\u00f1a ventana de luz de\u00a030x40cm Profoto, un Profoto Speedlight Speedring y\u00a0un reflector 5-en-1.<img loading=\"lazy\" decoding=\"async\" class=\"aligncenter size-full wp-image-33730\" src=\"http:\/\/www.oriolmorte.com\/wp-content\/uploads\/2015\/01\/R8A5890_oriol_morte_blog.jpg\" alt=\"Irma &amp; Fernando Wedding\" width=\"400\" height=\"600\" \/><img loading=\"lazy\" decoding=\"async\" class=\"aligncenter size-full wp-image-33727\" src=\"http:\/\/www.oriolmorte.com\/wp-content\/uploads\/2015\/01\/R8A5915_oriol_morte_blog.jpg\" alt=\"Irma &amp; Fernando Wedding\" width=\"400\" height=\"600\" \/><img loading=\"lazy\" decoding=\"async\" class=\"aligncenter size-medium wp-image-33712\" src=\"http:\/\/www.oriolmorte.com\/wp-content\/uploads\/2015\/01\/R8A5903_oriol_morte_blog-710x473.jpg\" alt=\"Irma &amp; Fernando Wedding\" width=\"710\" height=\"473\" srcset=\"https:\/\/www.oriolmorte.com\/wp-content\/uploads\/2015\/01\/R8A5903_oriol_morte_blog-710x473.jpg 710w, https:\/\/www.oriolmorte.com\/wp-content\/uploads\/2015\/01\/R8A5903_oriol_morte_blog-600x400.jpg 600w, https:\/\/www.oriolmorte.com\/wp-content\/uploads\/2015\/01\/R8A5903_oriol_morte_blog-899x600.jpg 899w, https:\/\/www.oriolmorte.com\/wp-content\/uploads\/2015\/01\/R8A5903_oriol_morte_blog-705x470.jpg 705w, https:\/\/www.oriolmorte.com\/wp-content\/uploads\/2015\/01\/R8A5903_oriol_morte_blog.jpg 1420w\" sizes=\"(max-width: 710px) 100vw, 710px\" \/><\/p>\n","protected":false},"excerpt":{"rendered":"<p>Hace unos meses fui invitado y a la vez requerido para hacer fotos en la Boda de Irma y Fernando. Con Fernando nos conocimos hace casi 10 a\u00f1os cuando los dos asistimos a un encuentro de fot\u00f3grafos de Caborian\u00a0en Mallorca.\u00a0\u00c9l naci\u00f3 en Pamplona (Navarra) y sigue viviendo all\u00ed, junto a su mujer, Irma y sus dos hijos Marcos y Andrea.\u00a0Dicho esto, es bastante obvio d\u00f3nde tuvo lugar la boda. Una vez prefiero el rol de fot\u00f3grafo alternativo de boda, le [&hellip;]<\/p>\n","protected":false},"author":4,"featured_media":33748,"comment_status":"closed","ping_status":"open","sticky":false,"template":"","format":"standard","meta":{"footnotes":""},"categories":[158],"tags":[],"yoast_head":"<!-- This site is optimized with the Yoast SEO plugin v23.5 - https:\/\/yoast.com\/wordpress\/plugins\/seo\/ -->\n<title>Boda de Irma y Fernando<\/title>\n<meta name=\"description\" content=\"Boda de Irma y Fernando. Fotograf\u00edas de la ceremonia y el Photocall celebrado en Mutilva (Pamplona) como fot\u00f3grafo alternativo de boda\" \/>\n<meta name=\"robots\" content=\"index, follow, max-snippet:-1, max-image-preview:large, max-video-preview:-1\" \/>\n<link rel=\"canonical\" href=\"https:\/\/www.oriolmorte.com\/es\/2015\/01\/06\/boda-de-irma-y-fernando\/\" \/>\n<meta property=\"og:locale\" content=\"es_ES\" \/>\n<meta property=\"og:type\" content=\"article\" \/>\n<meta property=\"og:title\" content=\"Boda de Irma y Fernando\" \/>\n<meta property=\"og:description\" content=\"Boda de Irma y Fernando. Fotograf\u00edas de la ceremonia y el Photocall celebrado en Mutilva (Pamplona) como fot\u00f3grafo alternativo de boda\" \/>\n<meta property=\"og:url\" content=\"https:\/\/www.oriolmorte.com\/es\/2015\/01\/06\/boda-de-irma-y-fernando\/\" \/>\n<meta property=\"og:site_name\" content=\"Oriol Morte | Visuals\" \/>\n<meta property=\"article:published_time\" content=\"2015-01-06T01:37:05+00:00\" \/>\n<meta property=\"article:modified_time\" content=\"2019-06-02T15:54:07+00:00\" \/>\n<meta property=\"og:image\" content=\"https:\/\/www.oriolmorte.com\/wp-content\/uploads\/2015\/01\/R8A5579_oriol_morte_featured_blog1-scaled.jpg\" \/>\n\t<meta property=\"og:image:width\" content=\"2560\" \/>\n\t<meta property=\"og:image:height\" content=\"2560\" \/>\n\t<meta property=\"og:image:type\" content=\"image\/jpeg\" \/>\n<meta name=\"author\" content=\"Oriol Morte\" \/>\n<meta name=\"twitter:card\" content=\"summary_large_image\" \/>\n<meta name=\"twitter:creator\" content=\"@oriolmorte\" \/>\n<meta name=\"twitter:site\" content=\"@oriolmorte\" \/>\n<meta name=\"twitter:label1\" content=\"Escrito por\" \/>\n\t<meta name=\"twitter:data1\" content=\"Oriol Morte\" \/>\n\t<meta name=\"twitter:label2\" content=\"Tiempo de lectura\" \/>\n\t<meta name=\"twitter:data2\" content=\"2 minutos\" \/>\n<script type=\"application\/ld+json\" class=\"yoast-schema-graph\">{\"@context\":\"https:\/\/schema.org\",\"@graph\":[{\"@type\":\"Article\",\"@id\":\"https:\/\/www.oriolmorte.com\/es\/2015\/01\/06\/boda-de-irma-y-fernando\/#article\",\"isPartOf\":{\"@id\":\"https:\/\/www.oriolmorte.com\/es\/2015\/01\/06\/boda-de-irma-y-fernando\/\"},\"author\":{\"name\":\"Oriol Morte\",\"@id\":\"https:\/\/www.oriolmorte.com\/es\/#\/schema\/person\/c939f3cb1e4f0e0d005eba682aa7f5a3\"},\"headline\":\"Boda de Irma y Fernando\",\"datePublished\":\"2015-01-06T01:37:05+00:00\",\"dateModified\":\"2019-06-02T15:54:07+00:00\",\"mainEntityOfPage\":{\"@id\":\"https:\/\/www.oriolmorte.com\/es\/2015\/01\/06\/boda-de-irma-y-fernando\/\"},\"wordCount\":360,\"publisher\":{\"@id\":\"https:\/\/www.oriolmorte.com\/es\/#\/schema\/person\/c939f3cb1e4f0e0d005eba682aa7f5a3\"},\"image\":{\"@id\":\"https:\/\/www.oriolmorte.com\/es\/2015\/01\/06\/boda-de-irma-y-fernando\/#primaryimage\"},\"thumbnailUrl\":\"https:\/\/www.oriolmorte.com\/wp-content\/uploads\/2015\/01\/R8A5579_oriol_morte_featured_blog1-scaled.jpg\",\"articleSection\":[\"Retrato\"],\"inLanguage\":\"es\"},{\"@type\":\"WebPage\",\"@id\":\"https:\/\/www.oriolmorte.com\/es\/2015\/01\/06\/boda-de-irma-y-fernando\/\",\"url\":\"https:\/\/www.oriolmorte.com\/es\/2015\/01\/06\/boda-de-irma-y-fernando\/\",\"name\":\"Boda de Irma y Fernando\",\"isPartOf\":{\"@id\":\"https:\/\/www.oriolmorte.com\/es\/#website\"},\"primaryImageOfPage\":{\"@id\":\"https:\/\/www.oriolmorte.com\/es\/2015\/01\/06\/boda-de-irma-y-fernando\/#primaryimage\"},\"image\":{\"@id\":\"https:\/\/www.oriolmorte.com\/es\/2015\/01\/06\/boda-de-irma-y-fernando\/#primaryimage\"},\"thumbnailUrl\":\"https:\/\/www.oriolmorte.com\/wp-content\/uploads\/2015\/01\/R8A5579_oriol_morte_featured_blog1-scaled.jpg\",\"datePublished\":\"2015-01-06T01:37:05+00:00\",\"dateModified\":\"2019-06-02T15:54:07+00:00\",\"description\":\"Boda de Irma y Fernando. Fotograf\u00edas de la ceremonia y el Photocall celebrado en Mutilva (Pamplona) como fot\u00f3grafo alternativo de boda\",\"breadcrumb\":{\"@id\":\"https:\/\/www.oriolmorte.com\/es\/2015\/01\/06\/boda-de-irma-y-fernando\/#breadcrumb\"},\"inLanguage\":\"es\",\"potentialAction\":[{\"@type\":\"ReadAction\",\"target\":[\"https:\/\/www.oriolmorte.com\/es\/2015\/01\/06\/boda-de-irma-y-fernando\/\"]}]},{\"@type\":\"ImageObject\",\"inLanguage\":\"es\",\"@id\":\"https:\/\/www.oriolmorte.com\/es\/2015\/01\/06\/boda-de-irma-y-fernando\/#primaryimage\",\"url\":\"https:\/\/www.oriolmorte.com\/wp-content\/uploads\/2015\/01\/R8A5579_oriol_morte_featured_blog1-scaled.jpg\",\"contentUrl\":\"https:\/\/www.oriolmorte.com\/wp-content\/uploads\/2015\/01\/R8A5579_oriol_morte_featured_blog1-scaled.jpg\",\"width\":2560,\"height\":2560},{\"@type\":\"BreadcrumbList\",\"@id\":\"https:\/\/www.oriolmorte.com\/es\/2015\/01\/06\/boda-de-irma-y-fernando\/#breadcrumb\",\"itemListElement\":[{\"@type\":\"ListItem\",\"position\":1,\"name\":\"Home\",\"item\":\"https:\/\/www.oriolmorte.com\/es\/\"},{\"@type\":\"ListItem\",\"position\":2,\"name\":\"Boda de Irma y Fernando\"}]},{\"@type\":\"WebSite\",\"@id\":\"https:\/\/www.oriolmorte.com\/es\/#website\",\"url\":\"https:\/\/www.oriolmorte.com\/es\/\",\"name\":\"Oriol Morte | Visuals\",\"description\":\"Photography\",\"publisher\":{\"@id\":\"https:\/\/www.oriolmorte.com\/es\/#\/schema\/person\/c939f3cb1e4f0e0d005eba682aa7f5a3\"},\"potentialAction\":[{\"@type\":\"SearchAction\",\"target\":{\"@type\":\"EntryPoint\",\"urlTemplate\":\"https:\/\/www.oriolmorte.com\/es\/?s={search_term_string}\"},\"query-input\":{\"@type\":\"PropertyValueSpecification\",\"valueRequired\":true,\"valueName\":\"search_term_string\"}}],\"inLanguage\":\"es\"},{\"@type\":[\"Person\",\"Organization\"],\"@id\":\"https:\/\/www.oriolmorte.com\/es\/#\/schema\/person\/c939f3cb1e4f0e0d005eba682aa7f5a3\",\"name\":\"Oriol Morte\",\"image\":{\"@type\":\"ImageObject\",\"inLanguage\":\"es\",\"@id\":\"https:\/\/www.oriolmorte.com\/es\/#\/schema\/person\/image\/\",\"url\":\"https:\/\/www.oriolmorte.com\/wp-content\/uploads\/2014\/03\/logo_OM_black_translucent_background.png\",\"contentUrl\":\"https:\/\/www.oriolmorte.com\/wp-content\/uploads\/2014\/03\/logo_OM_black_translucent_background.png\",\"width\":500,\"height\":500,\"caption\":\"Oriol Morte\"},\"logo\":{\"@id\":\"https:\/\/www.oriolmorte.com\/es\/#\/schema\/person\/image\/\"},\"description\":\"Photographer since 2002\",\"url\":\"https:\/\/www.oriolmorte.com\/es\/author\/oriolmorte\/\"}]}<\/script>\n<!-- \/ Yoast SEO plugin. -->","yoast_head_json":{"title":"Boda de Irma y Fernando","description":"Boda de Irma y Fernando. Fotograf\u00edas de la ceremonia y el Photocall celebrado en Mutilva (Pamplona) como fot\u00f3grafo alternativo de boda","robots":{"index":"index","follow":"follow","max-snippet":"max-snippet:-1","max-image-preview":"max-image-preview:large","max-video-preview":"max-video-preview:-1"},"canonical":"https:\/\/www.oriolmorte.com\/es\/2015\/01\/06\/boda-de-irma-y-fernando\/","og_locale":"es_ES","og_type":"article","og_title":"Boda de Irma y Fernando","og_description":"Boda de Irma y Fernando. Fotograf\u00edas de la ceremonia y el Photocall celebrado en Mutilva (Pamplona) como fot\u00f3grafo alternativo de boda","og_url":"https:\/\/www.oriolmorte.com\/es\/2015\/01\/06\/boda-de-irma-y-fernando\/","og_site_name":"Oriol Morte | Visuals","article_published_time":"2015-01-06T01:37:05+00:00","article_modified_time":"2019-06-02T15:54:07+00:00","og_image":[{"width":2560,"height":2560,"url":"https:\/\/www.oriolmorte.com\/wp-content\/uploads\/2015\/01\/R8A5579_oriol_morte_featured_blog1-scaled.jpg","type":"image\/jpeg"}],"author":"Oriol Morte","twitter_card":"summary_large_image","twitter_creator":"@oriolmorte","twitter_site":"@oriolmorte","twitter_misc":{"Escrito por":"Oriol Morte","Tiempo de lectura":"2 minutos"},"schema":{"@context":"https:\/\/schema.org","@graph":[{"@type":"Article","@id":"https:\/\/www.oriolmorte.com\/es\/2015\/01\/06\/boda-de-irma-y-fernando\/#article","isPartOf":{"@id":"https:\/\/www.oriolmorte.com\/es\/2015\/01\/06\/boda-de-irma-y-fernando\/"},"author":{"name":"Oriol Morte","@id":"https:\/\/www.oriolmorte.com\/es\/#\/schema\/person\/c939f3cb1e4f0e0d005eba682aa7f5a3"},"headline":"Boda de Irma y Fernando","datePublished":"2015-01-06T01:37:05+00:00","dateModified":"2019-06-02T15:54:07+00:00","mainEntityOfPage":{"@id":"https:\/\/www.oriolmorte.com\/es\/2015\/01\/06\/boda-de-irma-y-fernando\/"},"wordCount":360,"publisher":{"@id":"https:\/\/www.oriolmorte.com\/es\/#\/schema\/person\/c939f3cb1e4f0e0d005eba682aa7f5a3"},"image":{"@id":"https:\/\/www.oriolmorte.com\/es\/2015\/01\/06\/boda-de-irma-y-fernando\/#primaryimage"},"thumbnailUrl":"https:\/\/www.oriolmorte.com\/wp-content\/uploads\/2015\/01\/R8A5579_oriol_morte_featured_blog1-scaled.jpg","articleSection":["Retrato"],"inLanguage":"es"},{"@type":"WebPage","@id":"https:\/\/www.oriolmorte.com\/es\/2015\/01\/06\/boda-de-irma-y-fernando\/","url":"https:\/\/www.oriolmorte.com\/es\/2015\/01\/06\/boda-de-irma-y-fernando\/","name":"Boda de Irma y Fernando","isPartOf":{"@id":"https:\/\/www.oriolmorte.com\/es\/#website"},"primaryImageOfPage":{"@id":"https:\/\/www.oriolmorte.com\/es\/2015\/01\/06\/boda-de-irma-y-fernando\/#primaryimage"},"image":{"@id":"https:\/\/www.oriolmorte.com\/es\/2015\/01\/06\/boda-de-irma-y-fernando\/#primaryimage"},"thumbnailUrl":"https:\/\/www.oriolmorte.com\/wp-content\/uploads\/2015\/01\/R8A5579_oriol_morte_featured_blog1-scaled.jpg","datePublished":"2015-01-06T01:37:05+00:00","dateModified":"2019-06-02T15:54:07+00:00","description":"Boda de Irma y Fernando. Fotograf\u00edas de la ceremonia y el Photocall celebrado en Mutilva (Pamplona) como fot\u00f3grafo alternativo de boda","breadcrumb":{"@id":"https:\/\/www.oriolmorte.com\/es\/2015\/01\/06\/boda-de-irma-y-fernando\/#breadcrumb"},"inLanguage":"es","potentialAction":[{"@type":"ReadAction","target":["https:\/\/www.oriolmorte.com\/es\/2015\/01\/06\/boda-de-irma-y-fernando\/"]}]},{"@type":"ImageObject","inLanguage":"es","@id":"https:\/\/www.oriolmorte.com\/es\/2015\/01\/06\/boda-de-irma-y-fernando\/#primaryimage","url":"https:\/\/www.oriolmorte.com\/wp-content\/uploads\/2015\/01\/R8A5579_oriol_morte_featured_blog1-scaled.jpg","contentUrl":"https:\/\/www.oriolmorte.com\/wp-content\/uploads\/2015\/01\/R8A5579_oriol_morte_featured_blog1-scaled.jpg","width":2560,"height":2560},{"@type":"BreadcrumbList","@id":"https:\/\/www.oriolmorte.com\/es\/2015\/01\/06\/boda-de-irma-y-fernando\/#breadcrumb","itemListElement":[{"@type":"ListItem","position":1,"name":"Home","item":"https:\/\/www.oriolmorte.com\/es\/"},{"@type":"ListItem","position":2,"name":"Boda de Irma y Fernando"}]},{"@type":"WebSite","@id":"https:\/\/www.oriolmorte.com\/es\/#website","url":"https:\/\/www.oriolmorte.com\/es\/","name":"Oriol Morte | Visuals","description":"Photography","publisher":{"@id":"https:\/\/www.oriolmorte.com\/es\/#\/schema\/person\/c939f3cb1e4f0e0d005eba682aa7f5a3"},"potentialAction":[{"@type":"SearchAction","target":{"@type":"EntryPoint","urlTemplate":"https:\/\/www.oriolmorte.com\/es\/?s={search_term_string}"},"query-input":{"@type":"PropertyValueSpecification","valueRequired":true,"valueName":"search_term_string"}}],"inLanguage":"es"},{"@type":["Person","Organization"],"@id":"https:\/\/www.oriolmorte.com\/es\/#\/schema\/person\/c939f3cb1e4f0e0d005eba682aa7f5a3","name":"Oriol Morte","image":{"@type":"ImageObject","inLanguage":"es","@id":"https:\/\/www.oriolmorte.com\/es\/#\/schema\/person\/image\/","url":"https:\/\/www.oriolmorte.com\/wp-content\/uploads\/2014\/03\/logo_OM_black_translucent_background.png","contentUrl":"https:\/\/www.oriolmorte.com\/wp-content\/uploads\/2014\/03\/logo_OM_black_translucent_background.png","width":500,"height":500,"caption":"Oriol Morte"},"logo":{"@id":"https:\/\/www.oriolmorte.com\/es\/#\/schema\/person\/image\/"},"description":"Photographer since 2002","url":"https:\/\/www.oriolmorte.com\/es\/author\/oriolmorte\/"}]}},"_links":{"self":[{"href":"https:\/\/www.oriolmorte.com\/es\/wp-json\/wp\/v2\/posts\/33750"}],"collection":[{"href":"https:\/\/www.oriolmorte.com\/es\/wp-json\/wp\/v2\/posts"}],"about":[{"href":"https:\/\/www.oriolmorte.com\/es\/wp-json\/wp\/v2\/types\/post"}],"author":[{"embeddable":true,"href":"https:\/\/www.oriolmorte.com\/es\/wp-json\/wp\/v2\/users\/4"}],"replies":[{"embeddable":true,"href":"https:\/\/www.oriolmorte.com\/es\/wp-json\/wp\/v2\/comments?post=33750"}],"version-history":[{"count":4,"href":"https:\/\/www.oriolmorte.com\/es\/wp-json\/wp\/v2\/posts\/33750\/revisions"}],"predecessor-version":[{"id":43157,"href":"https:\/\/www.oriolmorte.com\/es\/wp-json\/wp\/v2\/posts\/33750\/revisions\/43157"}],"wp:featuredmedia":[{"embeddable":true,"href":"https:\/\/www.oriolmorte.com\/es\/wp-json\/wp\/v2\/media\/33748"}],"wp:attachment":[{"href":"https:\/\/www.oriolmorte.com\/es\/wp-json\/wp\/v2\/media?parent=33750"}],"wp:term":[{"taxonomy":"category","embeddable":true,"href":"https:\/\/www.oriolmorte.com\/es\/wp-json\/wp\/v2\/categories?post=33750"},{"taxonomy":"post_tag","embeddable":true,"href":"https:\/\/www.oriolmorte.com\/es\/wp-json\/wp\/v2\/tags?post=33750"}],"curies":[{"name":"wp","href":"https:\/\/api.w.org\/{rel}","templated":true}]}}