{"id":7542,"date":"2014-04-26T19:39:48","date_gmt":"2014-04-26T17:39:48","guid":{"rendered":"http:\/\/www.oriolmorte.com\/?p=7542"},"modified":"2019-06-02T17:59:36","modified_gmt":"2019-06-02T15:59:36","slug":"sessio-de-fotos-en-estudi-amb-l-adrien","status":"publish","type":"post","link":"https:\/\/www.oriolmorte.com\/ca\/2014\/04\/26\/sessio-de-fotos-en-estudi-amb-l-adrien\/","title":{"rendered":"Sessi\u00f3 de fotos en estudi amb l\u2019Adrien"},"content":{"rendered":"<p><!--?xml version=\"1.0\" encoding=\"UTF-8\" standalone=\"no\"?--><\/p>\n<div style=\"color: #000000;\">L\u2019Adrien \u00e9s un amic franc\u00e8s amb qui sovint vaig a patinar. S\u00ed, patino, encara que m\u00e9s ben dit vaig en longboard i ell en patins en l\u00ednia per ser concrets. Aquesta ocasi\u00f3 no era la primera que li feia fotos encara que s\u00ed era la primera en estudi. Em va demanar algun retrat corporatiu amb vestit formal amb prop\u00f2sits professionals i aquest \u00e9s el motiu pel que vam preparar aquesta sessi\u00f3 de fotos en estudi amb l\u2019Adrien.<\/div>\n<div style=\"color: #000000;\"><\/div>\n<p>\u00a0<\/p>\n<div style=\"color: #000000;\"><img fetchpriority=\"high\" decoding=\"async\" class=\"aligncenter size-medium wp-image-7519\" src=\"http:\/\/www.oriolmorte.com\/wp-content\/uploads\/2014\/04\/20140209_6344_5dm2_oriol_morte_blog-400x600.jpg\" alt=\"Sessi\u00f3 de fotos en estudi amb l\u2019Adrien\" width=\"400\" height=\"600\" srcset=\"https:\/\/www.oriolmorte.com\/wp-content\/uploads\/2014\/04\/20140209_6344_5dm2_oriol_morte_blog-400x600.jpg 400w, https:\/\/www.oriolmorte.com\/wp-content\/uploads\/2014\/04\/20140209_6344_5dm2_oriol_morte_blog-600x900.jpg 600w, https:\/\/www.oriolmorte.com\/wp-content\/uploads\/2014\/04\/20140209_6344_5dm2_oriol_morte_blog-470x705.jpg 470w, https:\/\/www.oriolmorte.com\/wp-content\/uploads\/2014\/04\/20140209_6344_5dm2_oriol_morte_blog.jpg 947w\" sizes=\"(max-width: 400px) 100vw, 400px\" \/><\/div>\n<p>\u00a0<\/p>\n<div style=\"color: #000000;\">Sovint m\u2019ho passo b\u00e9 experimentant noves idees. Buscant un aspecte tipus James Bond era un bon exemple de look elegant encara que no tant \u201ccorporatiu\u201d. Un fons negre i la il\u00b7luminaci\u00f3 als costats creava un efecte i ombres m\u00e9s dram\u00e0tic.<\/div>\n<div style=\"color: #000000;\"><\/div>\n<p>\u00a0<\/p>\n<div style=\"color: #000000;\"><img decoding=\"async\" class=\"aligncenter size-medium wp-image-7528\" src=\"http:\/\/www.oriolmorte.com\/wp-content\/uploads\/2014\/04\/20140209_6307_5dm2-Edit_oriol_morte_blog-400x600.jpg\" alt=\"Sessi\u00f3 de fotos en estudi amb l\u2019Adrien\" width=\"400\" height=\"600\" srcset=\"https:\/\/www.oriolmorte.com\/wp-content\/uploads\/2014\/04\/20140209_6307_5dm2-Edit_oriol_morte_blog-400x600.jpg 400w, https:\/\/www.oriolmorte.com\/wp-content\/uploads\/2014\/04\/20140209_6307_5dm2-Edit_oriol_morte_blog-470x705.jpg 470w, https:\/\/www.oriolmorte.com\/wp-content\/uploads\/2014\/04\/20140209_6307_5dm2-Edit_oriol_morte_blog-450x674.jpg 450w, https:\/\/www.oriolmorte.com\/wp-content\/uploads\/2014\/04\/20140209_6307_5dm2-Edit_oriol_morte_blog.jpg 947w\" sizes=\"(max-width: 400px) 100vw, 400px\" \/><\/div>\n<p>\u00a0<\/p>\n<div style=\"color: #000000;\">Per altra banda, sabent que treballava en el m\u00f3n de la inform\u00e0tica, una camisa blava i fons blanc era el conjunt perfecte per aquest look corporatiu. Aquest era un plantejament \u201csegur\u201d en el que hi podia confiar per aquest prop\u00f2sit per aquesta sessi\u00f3 de fotos amb l\u2019Adrien.<\/div>\n<div style=\"color: #000000;\"><\/div>\n<p>\u00a0<\/p>\n<div style=\"color: #000000;\"><img decoding=\"async\" class=\"aligncenter size-medium wp-image-7522\" src=\"http:\/\/www.oriolmorte.com\/wp-content\/uploads\/2014\/04\/20140209_6339_5dm2-Edit_oriol_morte_blog-400x600.jpg\" alt=\"Sessi\u00f3 de fotos en estudi amb l\u2019Adrien\" width=\"400\" height=\"600\" srcset=\"https:\/\/www.oriolmorte.com\/wp-content\/uploads\/2014\/04\/20140209_6339_5dm2-Edit_oriol_morte_blog-400x600.jpg 400w, https:\/\/www.oriolmorte.com\/wp-content\/uploads\/2014\/04\/20140209_6339_5dm2-Edit_oriol_morte_blog-470x705.jpg 470w, https:\/\/www.oriolmorte.com\/wp-content\/uploads\/2014\/04\/20140209_6339_5dm2-Edit_oriol_morte_blog-450x674.jpg 450w, https:\/\/www.oriolmorte.com\/wp-content\/uploads\/2014\/04\/20140209_6339_5dm2-Edit_oriol_morte_blog.jpg 947w\" sizes=\"(max-width: 400px) 100vw, 400px\" \/><\/div>\n<p>\u00a0<\/p>\n<div style=\"color: #000000;\">El set consistia solament d\u2019una font de llum i un reflector 5 en 1. Un esquema simple \u00e9s m\u00e9s agra\u00eft de portar quan el model de la sessi\u00f3 de fotos no \u00e9s professional. Masses fonts de llum i accessoris fan m\u00e9s complex l\u2019esquema i distreuen als models quan no estan acostumats a aquest tipus de feines. Quan aconsegueixes captar l\u2019atenci\u00f3 del teu model i interactuar \u00e9s quan pots obtenir exactament el que vols i l\u2019expressi\u00f3 que est\u00e0s buscant.<\/div>\n<p>\u00a0<\/p>\n<div style=\"color: #000000;\"><\/div>\n<div style=\"color: #000000;\">He sentit que pot ser que envi\u00ef aquestes fotos a la seva fam\u00edlia de Fran\u00e7a, huh! encara que no confiaria gaire en l\u2019objectivitat de cap mare sabent que elles ja solen estar molt orgullosos dels seus fills i filles. De totes maneres, sempre fa feli\u00e7 a un fot\u00f2graf si alg\u00fa imprimeix en paper alguna de les seves fotografies per mostrar-la al seu menjador. Espero que els hi agradin els resultats de la sessi\u00f3 de fotos en estudi amb l\u2019Adrien !<\/div>\n<p>\u00a0<\/p>\n<div style=\"color: #000000;\"><img loading=\"lazy\" decoding=\"async\" class=\"aligncenter size-medium wp-image-7525\" src=\"http:\/\/www.oriolmorte.com\/wp-content\/uploads\/2014\/04\/20140209_6342_5dm2_oriol_morte_blog-400x600.jpg\" alt=\"Sessi\u00f3 de fotos en estudi amb l\u2019Adrien\" width=\"400\" height=\"600\" srcset=\"https:\/\/www.oriolmorte.com\/wp-content\/uploads\/2014\/04\/20140209_6342_5dm2_oriol_morte_blog-400x600.jpg 400w, https:\/\/www.oriolmorte.com\/wp-content\/uploads\/2014\/04\/20140209_6342_5dm2_oriol_morte_blog-470x705.jpg 470w, https:\/\/www.oriolmorte.com\/wp-content\/uploads\/2014\/04\/20140209_6342_5dm2_oriol_morte_blog-450x674.jpg 450w, https:\/\/www.oriolmorte.com\/wp-content\/uploads\/2014\/04\/20140209_6342_5dm2_oriol_morte_blog.jpg 947w\" sizes=\"(max-width: 400px) 100vw, 400px\" \/><\/div>\n<p>\u00a0<\/p>\n","protected":false},"excerpt":{"rendered":"<p>L\u2019Adrien \u00e9s un amic franc\u00e8s amb qui sovint vaig a patinar. S\u00ed, patino, encara que m\u00e9s ben dit vaig en longboard i ell en patins en l\u00ednia per ser concrets. Aquesta ocasi\u00f3 no era la primera que li feia fotos encara que s\u00ed era la primera en estudi. Em va demanar algun retrat corporatiu amb vestit formal amb prop\u00f2sits professionals i aquest \u00e9s el motiu pel que vam preparar aquesta sessi\u00f3 de fotos en estudi amb l\u2019Adrien. \u00a0 \u00a0 Sovint [&hellip;]<\/p>\n","protected":false},"author":4,"featured_media":32785,"comment_status":"closed","ping_status":"open","sticky":false,"template":"","format":"standard","meta":{"footnotes":""},"categories":[173],"tags":[],"yoast_head":"<!-- This site is optimized with the Yoast SEO plugin v23.5 - https:\/\/yoast.com\/wordpress\/plugins\/seo\/ -->\n<title>Sessi\u00f3 de fotos en estudi amb l\u2019Adrien - Oriol Morte | Visuals<\/title>\n<meta name=\"description\" content=\"Sessi\u00f3 de fotos en estudi amb l\u2019Adrien. Sessi\u00f3 de retrat corporatiu en estudi amb model de moda mascul\u00ed a Barcelona\" \/>\n<meta name=\"robots\" content=\"index, follow, max-snippet:-1, max-image-preview:large, max-video-preview:-1\" \/>\n<link rel=\"canonical\" href=\"https:\/\/www.oriolmorte.com\/ca\/2014\/04\/26\/sessio-de-fotos-en-estudi-amb-l-adrien\/\" \/>\n<meta property=\"og:locale\" content=\"ca_ES\" \/>\n<meta property=\"og:type\" content=\"article\" \/>\n<meta property=\"og:title\" content=\"Sessi\u00f3 de fotos en estudi amb l\u2019Adrien - Oriol Morte | Visuals\" \/>\n<meta property=\"og:description\" content=\"Sessi\u00f3 de fotos en estudi amb l\u2019Adrien. Sessi\u00f3 de retrat corporatiu en estudi amb model de moda mascul\u00ed a Barcelona\" \/>\n<meta property=\"og:url\" content=\"https:\/\/www.oriolmorte.com\/ca\/2014\/04\/26\/sessio-de-fotos-en-estudi-amb-l-adrien\/\" \/>\n<meta property=\"og:site_name\" content=\"Oriol Morte | Visuals\" \/>\n<meta property=\"article:published_time\" content=\"2014-04-26T17:39:48+00:00\" \/>\n<meta property=\"article:modified_time\" content=\"2019-06-02T15:59:36+00:00\" \/>\n<meta property=\"og:image\" content=\"https:\/\/www.oriolmorte.com\/wp-content\/uploads\/2014\/04\/20140209_6307_5dm2-Edit_oriol_morte_featured_blog1-scaled.jpg\" \/>\n\t<meta property=\"og:image:width\" content=\"2466\" \/>\n\t<meta property=\"og:image:height\" content=\"2560\" \/>\n\t<meta property=\"og:image:type\" content=\"image\/jpeg\" \/>\n<meta name=\"author\" content=\"Oriol Morte\" \/>\n<meta name=\"twitter:card\" content=\"summary_large_image\" \/>\n<meta name=\"twitter:creator\" content=\"@oriolmorte\" \/>\n<meta name=\"twitter:site\" content=\"@oriolmorte\" \/>\n<meta name=\"twitter:label1\" content=\"Escrit per\" \/>\n\t<meta name=\"twitter:data1\" content=\"Oriol Morte\" \/>\n\t<meta name=\"twitter:label2\" content=\"Temps estimat de lectura\" \/>\n\t<meta name=\"twitter:data2\" content=\"2 minuts\" \/>\n<script type=\"application\/ld+json\" class=\"yoast-schema-graph\">{\"@context\":\"https:\/\/schema.org\",\"@graph\":[{\"@type\":\"Article\",\"@id\":\"https:\/\/www.oriolmorte.com\/ca\/2014\/04\/26\/sessio-de-fotos-en-estudi-amb-l-adrien\/#article\",\"isPartOf\":{\"@id\":\"https:\/\/www.oriolmorte.com\/ca\/2014\/04\/26\/sessio-de-fotos-en-estudi-amb-l-adrien\/\"},\"author\":{\"name\":\"Oriol Morte\",\"@id\":\"https:\/\/www.oriolmorte.com\/ca\/#\/schema\/person\/c939f3cb1e4f0e0d005eba682aa7f5a3\"},\"headline\":\"Sessi\u00f3 de fotos en estudi amb l\u2019Adrien\",\"datePublished\":\"2014-04-26T17:39:48+00:00\",\"dateModified\":\"2019-06-02T15:59:36+00:00\",\"mainEntityOfPage\":{\"@id\":\"https:\/\/www.oriolmorte.com\/ca\/2014\/04\/26\/sessio-de-fotos-en-estudi-amb-l-adrien\/\"},\"wordCount\":363,\"publisher\":{\"@id\":\"https:\/\/www.oriolmorte.com\/ca\/#\/schema\/person\/c939f3cb1e4f0e0d005eba682aa7f5a3\"},\"image\":{\"@id\":\"https:\/\/www.oriolmorte.com\/ca\/2014\/04\/26\/sessio-de-fotos-en-estudi-amb-l-adrien\/#primaryimage\"},\"thumbnailUrl\":\"https:\/\/www.oriolmorte.com\/wp-content\/uploads\/2014\/04\/20140209_6307_5dm2-Edit_oriol_morte_featured_blog1-scaled.jpg\",\"articleSection\":[\"Retrat\"],\"inLanguage\":\"ca\"},{\"@type\":\"WebPage\",\"@id\":\"https:\/\/www.oriolmorte.com\/ca\/2014\/04\/26\/sessio-de-fotos-en-estudi-amb-l-adrien\/\",\"url\":\"https:\/\/www.oriolmorte.com\/ca\/2014\/04\/26\/sessio-de-fotos-en-estudi-amb-l-adrien\/\",\"name\":\"Sessi\u00f3 de fotos en estudi amb l\u2019Adrien - Oriol Morte | Visuals\",\"isPartOf\":{\"@id\":\"https:\/\/www.oriolmorte.com\/ca\/#website\"},\"primaryImageOfPage\":{\"@id\":\"https:\/\/www.oriolmorte.com\/ca\/2014\/04\/26\/sessio-de-fotos-en-estudi-amb-l-adrien\/#primaryimage\"},\"image\":{\"@id\":\"https:\/\/www.oriolmorte.com\/ca\/2014\/04\/26\/sessio-de-fotos-en-estudi-amb-l-adrien\/#primaryimage\"},\"thumbnailUrl\":\"https:\/\/www.oriolmorte.com\/wp-content\/uploads\/2014\/04\/20140209_6307_5dm2-Edit_oriol_morte_featured_blog1-scaled.jpg\",\"datePublished\":\"2014-04-26T17:39:48+00:00\",\"dateModified\":\"2019-06-02T15:59:36+00:00\",\"description\":\"Sessi\u00f3 de fotos en estudi amb l\u2019Adrien. Sessi\u00f3 de retrat corporatiu en estudi amb model de moda mascul\u00ed a Barcelona\",\"breadcrumb\":{\"@id\":\"https:\/\/www.oriolmorte.com\/ca\/2014\/04\/26\/sessio-de-fotos-en-estudi-amb-l-adrien\/#breadcrumb\"},\"inLanguage\":\"ca\",\"potentialAction\":[{\"@type\":\"ReadAction\",\"target\":[\"https:\/\/www.oriolmorte.com\/ca\/2014\/04\/26\/sessio-de-fotos-en-estudi-amb-l-adrien\/\"]}]},{\"@type\":\"ImageObject\",\"inLanguage\":\"ca\",\"@id\":\"https:\/\/www.oriolmorte.com\/ca\/2014\/04\/26\/sessio-de-fotos-en-estudi-amb-l-adrien\/#primaryimage\",\"url\":\"https:\/\/www.oriolmorte.com\/wp-content\/uploads\/2014\/04\/20140209_6307_5dm2-Edit_oriol_morte_featured_blog1-scaled.jpg\",\"contentUrl\":\"https:\/\/www.oriolmorte.com\/wp-content\/uploads\/2014\/04\/20140209_6307_5dm2-Edit_oriol_morte_featured_blog1-scaled.jpg\",\"width\":2466,\"height\":2560},{\"@type\":\"BreadcrumbList\",\"@id\":\"https:\/\/www.oriolmorte.com\/ca\/2014\/04\/26\/sessio-de-fotos-en-estudi-amb-l-adrien\/#breadcrumb\",\"itemListElement\":[{\"@type\":\"ListItem\",\"position\":1,\"name\":\"Home\",\"item\":\"https:\/\/www.oriolmorte.com\/ca\/\"},{\"@type\":\"ListItem\",\"position\":2,\"name\":\"Sessi\u00f3 de fotos en estudi amb l\u2019Adrien\"}]},{\"@type\":\"WebSite\",\"@id\":\"https:\/\/www.oriolmorte.com\/ca\/#website\",\"url\":\"https:\/\/www.oriolmorte.com\/ca\/\",\"name\":\"Oriol Morte | Visuals\",\"description\":\"Photography\",\"publisher\":{\"@id\":\"https:\/\/www.oriolmorte.com\/ca\/#\/schema\/person\/c939f3cb1e4f0e0d005eba682aa7f5a3\"},\"potentialAction\":[{\"@type\":\"SearchAction\",\"target\":{\"@type\":\"EntryPoint\",\"urlTemplate\":\"https:\/\/www.oriolmorte.com\/ca\/?s={search_term_string}\"},\"query-input\":{\"@type\":\"PropertyValueSpecification\",\"valueRequired\":true,\"valueName\":\"search_term_string\"}}],\"inLanguage\":\"ca\"},{\"@type\":[\"Person\",\"Organization\"],\"@id\":\"https:\/\/www.oriolmorte.com\/ca\/#\/schema\/person\/c939f3cb1e4f0e0d005eba682aa7f5a3\",\"name\":\"Oriol Morte\",\"image\":{\"@type\":\"ImageObject\",\"inLanguage\":\"ca\",\"@id\":\"https:\/\/www.oriolmorte.com\/ca\/#\/schema\/person\/image\/\",\"url\":\"https:\/\/www.oriolmorte.com\/wp-content\/uploads\/2014\/03\/logo_OM_black_translucent_background.png\",\"contentUrl\":\"https:\/\/www.oriolmorte.com\/wp-content\/uploads\/2014\/03\/logo_OM_black_translucent_background.png\",\"width\":500,\"height\":500,\"caption\":\"Oriol Morte\"},\"logo\":{\"@id\":\"https:\/\/www.oriolmorte.com\/ca\/#\/schema\/person\/image\/\"},\"description\":\"Photographer since 2002\",\"url\":\"https:\/\/www.oriolmorte.com\/ca\/author\/oriolmorte\/\"}]}<\/script>\n<!-- \/ Yoast SEO plugin. -->","yoast_head_json":{"title":"Sessi\u00f3 de fotos en estudi amb l\u2019Adrien - Oriol Morte | Visuals","description":"Sessi\u00f3 de fotos en estudi amb l\u2019Adrien. Sessi\u00f3 de retrat corporatiu en estudi amb model de moda mascul\u00ed a Barcelona","robots":{"index":"index","follow":"follow","max-snippet":"max-snippet:-1","max-image-preview":"max-image-preview:large","max-video-preview":"max-video-preview:-1"},"canonical":"https:\/\/www.oriolmorte.com\/ca\/2014\/04\/26\/sessio-de-fotos-en-estudi-amb-l-adrien\/","og_locale":"ca_ES","og_type":"article","og_title":"Sessi\u00f3 de fotos en estudi amb l\u2019Adrien - Oriol Morte | Visuals","og_description":"Sessi\u00f3 de fotos en estudi amb l\u2019Adrien. Sessi\u00f3 de retrat corporatiu en estudi amb model de moda mascul\u00ed a Barcelona","og_url":"https:\/\/www.oriolmorte.com\/ca\/2014\/04\/26\/sessio-de-fotos-en-estudi-amb-l-adrien\/","og_site_name":"Oriol Morte | Visuals","article_published_time":"2014-04-26T17:39:48+00:00","article_modified_time":"2019-06-02T15:59:36+00:00","og_image":[{"width":2466,"height":2560,"url":"https:\/\/www.oriolmorte.com\/wp-content\/uploads\/2014\/04\/20140209_6307_5dm2-Edit_oriol_morte_featured_blog1-scaled.jpg","type":"image\/jpeg"}],"author":"Oriol Morte","twitter_card":"summary_large_image","twitter_creator":"@oriolmorte","twitter_site":"@oriolmorte","twitter_misc":{"Escrit per":"Oriol Morte","Temps estimat de lectura":"2 minuts"},"schema":{"@context":"https:\/\/schema.org","@graph":[{"@type":"Article","@id":"https:\/\/www.oriolmorte.com\/ca\/2014\/04\/26\/sessio-de-fotos-en-estudi-amb-l-adrien\/#article","isPartOf":{"@id":"https:\/\/www.oriolmorte.com\/ca\/2014\/04\/26\/sessio-de-fotos-en-estudi-amb-l-adrien\/"},"author":{"name":"Oriol Morte","@id":"https:\/\/www.oriolmorte.com\/ca\/#\/schema\/person\/c939f3cb1e4f0e0d005eba682aa7f5a3"},"headline":"Sessi\u00f3 de fotos en estudi amb l\u2019Adrien","datePublished":"2014-04-26T17:39:48+00:00","dateModified":"2019-06-02T15:59:36+00:00","mainEntityOfPage":{"@id":"https:\/\/www.oriolmorte.com\/ca\/2014\/04\/26\/sessio-de-fotos-en-estudi-amb-l-adrien\/"},"wordCount":363,"publisher":{"@id":"https:\/\/www.oriolmorte.com\/ca\/#\/schema\/person\/c939f3cb1e4f0e0d005eba682aa7f5a3"},"image":{"@id":"https:\/\/www.oriolmorte.com\/ca\/2014\/04\/26\/sessio-de-fotos-en-estudi-amb-l-adrien\/#primaryimage"},"thumbnailUrl":"https:\/\/www.oriolmorte.com\/wp-content\/uploads\/2014\/04\/20140209_6307_5dm2-Edit_oriol_morte_featured_blog1-scaled.jpg","articleSection":["Retrat"],"inLanguage":"ca"},{"@type":"WebPage","@id":"https:\/\/www.oriolmorte.com\/ca\/2014\/04\/26\/sessio-de-fotos-en-estudi-amb-l-adrien\/","url":"https:\/\/www.oriolmorte.com\/ca\/2014\/04\/26\/sessio-de-fotos-en-estudi-amb-l-adrien\/","name":"Sessi\u00f3 de fotos en estudi amb l\u2019Adrien - Oriol Morte | Visuals","isPartOf":{"@id":"https:\/\/www.oriolmorte.com\/ca\/#website"},"primaryImageOfPage":{"@id":"https:\/\/www.oriolmorte.com\/ca\/2014\/04\/26\/sessio-de-fotos-en-estudi-amb-l-adrien\/#primaryimage"},"image":{"@id":"https:\/\/www.oriolmorte.com\/ca\/2014\/04\/26\/sessio-de-fotos-en-estudi-amb-l-adrien\/#primaryimage"},"thumbnailUrl":"https:\/\/www.oriolmorte.com\/wp-content\/uploads\/2014\/04\/20140209_6307_5dm2-Edit_oriol_morte_featured_blog1-scaled.jpg","datePublished":"2014-04-26T17:39:48+00:00","dateModified":"2019-06-02T15:59:36+00:00","description":"Sessi\u00f3 de fotos en estudi amb l\u2019Adrien. Sessi\u00f3 de retrat corporatiu en estudi amb model de moda mascul\u00ed a Barcelona","breadcrumb":{"@id":"https:\/\/www.oriolmorte.com\/ca\/2014\/04\/26\/sessio-de-fotos-en-estudi-amb-l-adrien\/#breadcrumb"},"inLanguage":"ca","potentialAction":[{"@type":"ReadAction","target":["https:\/\/www.oriolmorte.com\/ca\/2014\/04\/26\/sessio-de-fotos-en-estudi-amb-l-adrien\/"]}]},{"@type":"ImageObject","inLanguage":"ca","@id":"https:\/\/www.oriolmorte.com\/ca\/2014\/04\/26\/sessio-de-fotos-en-estudi-amb-l-adrien\/#primaryimage","url":"https:\/\/www.oriolmorte.com\/wp-content\/uploads\/2014\/04\/20140209_6307_5dm2-Edit_oriol_morte_featured_blog1-scaled.jpg","contentUrl":"https:\/\/www.oriolmorte.com\/wp-content\/uploads\/2014\/04\/20140209_6307_5dm2-Edit_oriol_morte_featured_blog1-scaled.jpg","width":2466,"height":2560},{"@type":"BreadcrumbList","@id":"https:\/\/www.oriolmorte.com\/ca\/2014\/04\/26\/sessio-de-fotos-en-estudi-amb-l-adrien\/#breadcrumb","itemListElement":[{"@type":"ListItem","position":1,"name":"Home","item":"https:\/\/www.oriolmorte.com\/ca\/"},{"@type":"ListItem","position":2,"name":"Sessi\u00f3 de fotos en estudi amb l\u2019Adrien"}]},{"@type":"WebSite","@id":"https:\/\/www.oriolmorte.com\/ca\/#website","url":"https:\/\/www.oriolmorte.com\/ca\/","name":"Oriol Morte | Visuals","description":"Photography","publisher":{"@id":"https:\/\/www.oriolmorte.com\/ca\/#\/schema\/person\/c939f3cb1e4f0e0d005eba682aa7f5a3"},"potentialAction":[{"@type":"SearchAction","target":{"@type":"EntryPoint","urlTemplate":"https:\/\/www.oriolmorte.com\/ca\/?s={search_term_string}"},"query-input":{"@type":"PropertyValueSpecification","valueRequired":true,"valueName":"search_term_string"}}],"inLanguage":"ca"},{"@type":["Person","Organization"],"@id":"https:\/\/www.oriolmorte.com\/ca\/#\/schema\/person\/c939f3cb1e4f0e0d005eba682aa7f5a3","name":"Oriol Morte","image":{"@type":"ImageObject","inLanguage":"ca","@id":"https:\/\/www.oriolmorte.com\/ca\/#\/schema\/person\/image\/","url":"https:\/\/www.oriolmorte.com\/wp-content\/uploads\/2014\/03\/logo_OM_black_translucent_background.png","contentUrl":"https:\/\/www.oriolmorte.com\/wp-content\/uploads\/2014\/03\/logo_OM_black_translucent_background.png","width":500,"height":500,"caption":"Oriol Morte"},"logo":{"@id":"https:\/\/www.oriolmorte.com\/ca\/#\/schema\/person\/image\/"},"description":"Photographer since 2002","url":"https:\/\/www.oriolmorte.com\/ca\/author\/oriolmorte\/"}]}},"_links":{"self":[{"href":"https:\/\/www.oriolmorte.com\/ca\/wp-json\/wp\/v2\/posts\/7542"}],"collection":[{"href":"https:\/\/www.oriolmorte.com\/ca\/wp-json\/wp\/v2\/posts"}],"about":[{"href":"https:\/\/www.oriolmorte.com\/ca\/wp-json\/wp\/v2\/types\/post"}],"author":[{"embeddable":true,"href":"https:\/\/www.oriolmorte.com\/ca\/wp-json\/wp\/v2\/users\/4"}],"replies":[{"embeddable":true,"href":"https:\/\/www.oriolmorte.com\/ca\/wp-json\/wp\/v2\/comments?post=7542"}],"version-history":[{"count":3,"href":"https:\/\/www.oriolmorte.com\/ca\/wp-json\/wp\/v2\/posts\/7542\/revisions"}],"predecessor-version":[{"id":7546,"href":"https:\/\/www.oriolmorte.com\/ca\/wp-json\/wp\/v2\/posts\/7542\/revisions\/7546"}],"wp:featuredmedia":[{"embeddable":true,"href":"https:\/\/www.oriolmorte.com\/ca\/wp-json\/wp\/v2\/media\/32785"}],"wp:attachment":[{"href":"https:\/\/www.oriolmorte.com\/ca\/wp-json\/wp\/v2\/media?parent=7542"}],"wp:term":[{"taxonomy":"category","embeddable":true,"href":"https:\/\/www.oriolmorte.com\/ca\/wp-json\/wp\/v2\/categories?post=7542"},{"taxonomy":"post_tag","embeddable":true,"href":"https:\/\/www.oriolmorte.com\/ca\/wp-json\/wp\/v2\/tags?post=7542"}],"curies":[{"name":"wp","href":"https:\/\/api.w.org\/{rel}","templated":true}]}}