{"id":7422,"date":"2014-02-07T19:28:55","date_gmt":"2014-02-07T18:28:55","guid":{"rendered":"http:\/\/www.oriolmorte.com\/?p=7422"},"modified":"2019-06-02T18:00:00","modified_gmt":"2019-06-02T16:00:00","slug":"nou-disseny-oriolmorte-com","status":"publish","type":"post","link":"https:\/\/www.oriolmorte.com\/ca\/2014\/02\/07\/nou-disseny-oriolmorte-com\/","title":{"rendered":"Nou disseny a Oriolmorte.com"},"content":{"rendered":"<p>Ja a 2014, m\u00e9s experi\u00e8ncies per compartir i m\u00e9s fotos per mostrar. Fa uns mesos vaig decidir comen\u00e7ar a desenvolupar un nou lloc web fresc i des de zero. Nou disseny, men\u00fas, galeries expandides i tot el lloc tradu\u00eft a 3 idiomes: catal\u00e0, castell\u00e0 i angl\u00e8s. Vaig triar el minimalisme utilitzant fons blanc i nom\u00e9s els m\u00e9s indispensables elements i minimal\u00edstics que necessitava per oferir la millor experi\u00e8ncia d\u2019usuari. Tamb\u00e9 he treballat en oferir totes les fotos en resoluci\u00f3 retina. Aix\u00f2 significa que pots navegar per totes les fotografies amb una qualitat i definici\u00f3 incre\u00efble fins i tot en dispositius d\u2019alta resoluci\u00f3 com ara un MacBook Pro Retina. El disseny de la nova p\u00e0gina web a Oriolmorte.com ha sigut cuidadosament escollida. Les galeries han canviat a un plugin on pots canviar a pantalla completa i disfrutar de totes les fotografies al major tamany que la teva pantalla et permeti.<\/p>\n<p>\u00a0<\/p>\n<p><img fetchpriority=\"high\" decoding=\"async\" class=\"alignnone size-medium wp-image-7350 aligncenter\" style=\"line-height: 1.5em;\" alt=\"New website design at Oriolmorte.com\" src=\"http:\/\/www.oriolmorte.com\/wp-content\/uploads\/2014\/01\/gallery_imac-677x600.jpg\" width=\"677\" height=\"600\" srcset=\"https:\/\/www.oriolmorte.com\/wp-content\/uploads\/2014\/01\/gallery_imac-677x600.jpg 677w, https:\/\/www.oriolmorte.com\/wp-content\/uploads\/2014\/01\/gallery_imac-600x532.jpg 600w, https:\/\/www.oriolmorte.com\/wp-content\/uploads\/2014\/01\/gallery_imac-705x624.jpg 705w, https:\/\/www.oriolmorte.com\/wp-content\/uploads\/2014\/01\/gallery_imac.jpg 1420w\" sizes=\"(max-width: 677px) 100vw, 677px\" \/><\/p>\n<h2>El Blog<\/h2>\n<p>Des d\u2019aquesta gran actualitzaci\u00f3, pots disfrutar d\u2019un blog a pantalla completa adaptatiu on veur\u00e0s l\u2019imatge destcada de cada article i podr\u00e1s entrar en ell fent click sobre l\u2019imatge de l\u2019article que t\u2019interessi. Ara, amb fons blanc, \u00e9s m\u00e9s pr\u00e0ctic per llegir. Encara que tots els articles fins a finals de 2013 han sigut solament en castell\u00e0, a partir d\u2019ara i com podeu veure en els \u00faltims 3 articles, tots ser\u00e0n tradu\u00efts als 3 idiomes: angl\u00e8s, castell\u00e0 i catal\u00e0. Far\u00e9 un esfor\u00e7 per ajudar que arribi a tots cada article i ning\u00fa s\u2019hagi de fixar nom\u00e9s en les imatges perqu\u00e8 no entengui el text. Em disculpo per avan\u00e7at a aquells natius de parla anglesa qui trobareu alguns errors gramaticals en angl\u00e8s encara que el text ser\u00e0 prou bo com per ser ent\u00e8s sense cap problema. He pensat que era un bon punt crear i tradu\u00efr tots els articles per mi mateix per tenir m\u00e9s llibertat i publicar m\u00e9s r\u00e0pid.<br \/>\n<img decoding=\"async\" class=\"alignnone size-medium wp-image-7356 aligncenter\" alt=\"New website design at Oriolmorte.com\" src=\"http:\/\/www.oriolmorte.com\/wp-content\/uploads\/2014\/01\/homepage-ipad-710x473.jpg\" width=\"710\" height=\"473\" srcset=\"https:\/\/www.oriolmorte.com\/wp-content\/uploads\/2014\/01\/homepage-ipad-710x473.jpg 710w, https:\/\/www.oriolmorte.com\/wp-content\/uploads\/2014\/01\/homepage-ipad-600x400.jpg 600w, https:\/\/www.oriolmorte.com\/wp-content\/uploads\/2014\/01\/homepage-ipad-900x600.jpg 900w, https:\/\/www.oriolmorte.com\/wp-content\/uploads\/2014\/01\/homepage-ipad-705x469.jpg 705w, https:\/\/www.oriolmorte.com\/wp-content\/uploads\/2014\/01\/homepage-ipad.jpg 1420w\" sizes=\"(max-width: 710px) 100vw, 710px\" \/><\/p>\n<h2>Les Galeries<\/h2>\n<p>Han sigut les galeries on he treballat m\u00e9s profundament. Des que vaig anar a Austr\u00e0lia i Nova Zelanda vaig veure que les 3 galeries principals \u201cRetrat, paisatge i espectacles\u201d no eren suficients. \u00c9s per aquesta ra\u00f3 que he vaig decidir mantenir-les com a categoria principal i crear sub-categories sota cada una d\u2019aquestes grans categories. Aix\u00f2 fa la navegaci\u00f3 m\u00e9s flexible i amb m\u00e9s i noves fotografies. Veureu actualitzacions aviat afegint noves galeries i contingut.<\/p>\n<p>He escrit una mica en algunes p\u00e0gines de les galeries describint les experi\u00e8ncies per acompanyar les fotos que hi ha a sobre. He considerat acompanyar les galeries amb les miniatures de les fotos que contenen a sota per fer m\u00e9s pr\u00e0ctica la navegaci\u00f3.<\/p>\n<p>Totes les fotografies es veuen molt b\u00e9 en qualsevol que sigui el dispositiu que feu servir per veure-la. No importa el tamany de la pantalla sigui 11\u2033 o 27\u2033 des que cada foto pot encaixar en pantalla quan es t\u00e9 seleccionat el mode de pantalla completa prement les dues fletxes situades a l\u2019extrem superior dret de la foto. Aix\u00f2 converteix el fons a negre, cosa que permet veure la galeria en condicions \u00f2ptimes. En dispositius m\u00f2bils com iPhones i Android es veu tamb\u00e9 molt b\u00e9. Encara que la p\u00e0gina web \u00e9s adaptativa, us recomano totalment veure les galeries en pantalla completa!<\/p>\n<p><span style=\"line-height: 1.5em;\">\u00a0<\/span><\/p>\n<p><img decoding=\"async\" class=\"alignnone size-medium wp-image-7353 aligncenter\" alt=\"New website design at Oriolmorte.com\" src=\"http:\/\/www.oriolmorte.com\/wp-content\/uploads\/2014\/01\/homepage_iphone-710x473.jpg\" width=\"710\" height=\"473\" srcset=\"https:\/\/www.oriolmorte.com\/wp-content\/uploads\/2014\/01\/homepage_iphone-710x473.jpg 710w, https:\/\/www.oriolmorte.com\/wp-content\/uploads\/2014\/01\/homepage_iphone-600x400.jpg 600w, https:\/\/www.oriolmorte.com\/wp-content\/uploads\/2014\/01\/homepage_iphone-900x600.jpg 900w, https:\/\/www.oriolmorte.com\/wp-content\/uploads\/2014\/01\/homepage_iphone-705x469.jpg 705w, https:\/\/www.oriolmorte.com\/wp-content\/uploads\/2014\/01\/homepage_iphone.jpg 1420w\" sizes=\"(max-width: 710px) 100vw, 710px\" \/>\u00a0<img loading=\"lazy\" decoding=\"async\" class=\"alignnone size-medium wp-image-7362 aligncenter\" style=\"line-height: 1.5em;\" alt=\"New website design at Oriolmorte.com\" src=\"http:\/\/www.oriolmorte.com\/wp-content\/uploads\/2014\/01\/homepage-macbook-710x473.jpg\" width=\"710\" height=\"473\" srcset=\"https:\/\/www.oriolmorte.com\/wp-content\/uploads\/2014\/01\/homepage-macbook-710x473.jpg 710w, https:\/\/www.oriolmorte.com\/wp-content\/uploads\/2014\/01\/homepage-macbook-600x400.jpg 600w, https:\/\/www.oriolmorte.com\/wp-content\/uploads\/2014\/01\/homepage-macbook-900x600.jpg 900w, https:\/\/www.oriolmorte.com\/wp-content\/uploads\/2014\/01\/homepage-macbook-705x469.jpg 705w, https:\/\/www.oriolmorte.com\/wp-content\/uploads\/2014\/01\/homepage-macbook.jpg 1420w\" sizes=\"(max-width: 710px) 100vw, 710px\" \/><img loading=\"lazy\" decoding=\"async\" class=\"alignnone size-medium wp-image-7347 aligncenter\" style=\"line-height: 1.5em;\" alt=\"New website design at Oriolmorte.com\" src=\"http:\/\/www.oriolmorte.com\/wp-content\/uploads\/2014\/01\/content-ipadmini-710x581.jpg\" width=\"710\" height=\"581\" srcset=\"https:\/\/www.oriolmorte.com\/wp-content\/uploads\/2014\/01\/content-ipadmini-710x581.jpg 710w, https:\/\/www.oriolmorte.com\/wp-content\/uploads\/2014\/01\/content-ipadmini-600x491.jpg 600w, https:\/\/www.oriolmorte.com\/wp-content\/uploads\/2014\/01\/content-ipadmini-733x600.jpg 733w, https:\/\/www.oriolmorte.com\/wp-content\/uploads\/2014\/01\/content-ipadmini-705x576.jpg 705w, https:\/\/www.oriolmorte.com\/wp-content\/uploads\/2014\/01\/content-ipadmini.jpg 1420w\" sizes=\"(max-width: 710px) 100vw, 710px\" \/><\/p>\n","protected":false},"excerpt":{"rendered":"<p>Ja a 2014, m\u00e9s experi\u00e8ncies per compartir i m\u00e9s fotos per mostrar. Fa uns mesos vaig decidir comen\u00e7ar a desenvolupar un nou lloc web fresc i des de zero. Nou disseny, men\u00fas, galeries expandides i tot el lloc tradu\u00eft a 3 idiomes: catal\u00e0, castell\u00e0 i angl\u00e8s. Vaig triar el minimalisme utilitzant fons blanc i nom\u00e9s els m\u00e9s indispensables elements i minimal\u00edstics que necessitava per oferir la millor experi\u00e8ncia d\u2019usuari. Tamb\u00e9 he treballat en oferir totes les fotos en resoluci\u00f3 retina. [&hellip;]<\/p>\n","protected":false},"author":4,"featured_media":7368,"comment_status":"closed","ping_status":"open","sticky":false,"template":"","format":"standard","meta":{"footnotes":""},"categories":[177],"tags":[],"yoast_head":"<!-- This site is optimized with the Yoast SEO plugin v23.5 - https:\/\/yoast.com\/wordpress\/plugins\/seo\/ -->\n<title>Nou disseny a Oriolmorte.com - Oriol Morte | Visuals<\/title>\n<meta name=\"description\" content=\"Nou disseny a Oriolmorte.com m\u00e9s minimalista i elegant.M\u00e9s galeries i m\u00e9s fotos i blog millorat amb el portafoli de fotografia i visuals d&#039;Oriol Morte\" \/>\n<meta name=\"robots\" content=\"index, follow, max-snippet:-1, max-image-preview:large, max-video-preview:-1\" \/>\n<link rel=\"canonical\" href=\"https:\/\/www.oriolmorte.com\/ca\/2014\/02\/07\/nou-disseny-oriolmorte-com\/\" \/>\n<meta property=\"og:locale\" content=\"ca_ES\" \/>\n<meta property=\"og:type\" content=\"article\" \/>\n<meta property=\"og:title\" content=\"Nou disseny a Oriolmorte.com - Oriol Morte | Visuals\" \/>\n<meta property=\"og:description\" content=\"Nou disseny a Oriolmorte.com m\u00e9s minimalista i elegant.M\u00e9s galeries i m\u00e9s fotos i blog millorat amb el portafoli de fotografia i visuals d&#039;Oriol Morte\" \/>\n<meta property=\"og:url\" content=\"https:\/\/www.oriolmorte.com\/ca\/2014\/02\/07\/nou-disseny-oriolmorte-com\/\" \/>\n<meta property=\"og:site_name\" content=\"Oriol Morte | Visuals\" \/>\n<meta property=\"article:published_time\" content=\"2014-02-07T18:28:55+00:00\" \/>\n<meta property=\"article:modified_time\" content=\"2019-06-02T16:00:00+00:00\" \/>\n<meta property=\"og:image\" content=\"https:\/\/www.oriolmorte.com\/wp-content\/uploads\/2014\/01\/homepage-macbook_reflections-scaled.jpg\" \/>\n\t<meta property=\"og:image:width\" content=\"2560\" \/>\n\t<meta property=\"og:image:height\" content=\"1707\" \/>\n\t<meta property=\"og:image:type\" content=\"image\/jpeg\" \/>\n<meta name=\"author\" content=\"Oriol Morte\" \/>\n<meta name=\"twitter:card\" content=\"summary_large_image\" \/>\n<meta name=\"twitter:creator\" content=\"@oriolmorte\" \/>\n<meta name=\"twitter:site\" content=\"@oriolmorte\" \/>\n<meta name=\"twitter:label1\" content=\"Escrit per\" \/>\n\t<meta name=\"twitter:data1\" content=\"Oriol Morte\" \/>\n\t<meta name=\"twitter:label2\" content=\"Temps estimat de lectura\" \/>\n\t<meta name=\"twitter:data2\" content=\"3 minuts\" \/>\n<script type=\"application\/ld+json\" class=\"yoast-schema-graph\">{\"@context\":\"https:\/\/schema.org\",\"@graph\":[{\"@type\":\"Article\",\"@id\":\"https:\/\/www.oriolmorte.com\/ca\/2014\/02\/07\/nou-disseny-oriolmorte-com\/#article\",\"isPartOf\":{\"@id\":\"https:\/\/www.oriolmorte.com\/ca\/2014\/02\/07\/nou-disseny-oriolmorte-com\/\"},\"author\":{\"name\":\"Oriol Morte\",\"@id\":\"https:\/\/www.oriolmorte.com\/ca\/#\/schema\/person\/c939f3cb1e4f0e0d005eba682aa7f5a3\"},\"headline\":\"Nou disseny a Oriolmorte.com\",\"datePublished\":\"2014-02-07T18:28:55+00:00\",\"dateModified\":\"2019-06-02T16:00:00+00:00\",\"mainEntityOfPage\":{\"@id\":\"https:\/\/www.oriolmorte.com\/ca\/2014\/02\/07\/nou-disseny-oriolmorte-com\/\"},\"wordCount\":578,\"publisher\":{\"@id\":\"https:\/\/www.oriolmorte.com\/ca\/#\/schema\/person\/c939f3cb1e4f0e0d005eba682aa7f5a3\"},\"image\":{\"@id\":\"https:\/\/www.oriolmorte.com\/ca\/2014\/02\/07\/nou-disseny-oriolmorte-com\/#primaryimage\"},\"thumbnailUrl\":\"https:\/\/www.oriolmorte.com\/wp-content\/uploads\/2014\/01\/homepage-macbook_reflections-scaled.jpg\",\"articleSection\":[\"Editorial\"],\"inLanguage\":\"ca\"},{\"@type\":\"WebPage\",\"@id\":\"https:\/\/www.oriolmorte.com\/ca\/2014\/02\/07\/nou-disseny-oriolmorte-com\/\",\"url\":\"https:\/\/www.oriolmorte.com\/ca\/2014\/02\/07\/nou-disseny-oriolmorte-com\/\",\"name\":\"Nou disseny a Oriolmorte.com - Oriol Morte | Visuals\",\"isPartOf\":{\"@id\":\"https:\/\/www.oriolmorte.com\/ca\/#website\"},\"primaryImageOfPage\":{\"@id\":\"https:\/\/www.oriolmorte.com\/ca\/2014\/02\/07\/nou-disseny-oriolmorte-com\/#primaryimage\"},\"image\":{\"@id\":\"https:\/\/www.oriolmorte.com\/ca\/2014\/02\/07\/nou-disseny-oriolmorte-com\/#primaryimage\"},\"thumbnailUrl\":\"https:\/\/www.oriolmorte.com\/wp-content\/uploads\/2014\/01\/homepage-macbook_reflections-scaled.jpg\",\"datePublished\":\"2014-02-07T18:28:55+00:00\",\"dateModified\":\"2019-06-02T16:00:00+00:00\",\"description\":\"Nou disseny a Oriolmorte.com m\u00e9s minimalista i elegant.M\u00e9s galeries i m\u00e9s fotos i blog millorat amb el portafoli de fotografia i visuals d'Oriol Morte\",\"breadcrumb\":{\"@id\":\"https:\/\/www.oriolmorte.com\/ca\/2014\/02\/07\/nou-disseny-oriolmorte-com\/#breadcrumb\"},\"inLanguage\":\"ca\",\"potentialAction\":[{\"@type\":\"ReadAction\",\"target\":[\"https:\/\/www.oriolmorte.com\/ca\/2014\/02\/07\/nou-disseny-oriolmorte-com\/\"]}]},{\"@type\":\"ImageObject\",\"inLanguage\":\"ca\",\"@id\":\"https:\/\/www.oriolmorte.com\/ca\/2014\/02\/07\/nou-disseny-oriolmorte-com\/#primaryimage\",\"url\":\"https:\/\/www.oriolmorte.com\/wp-content\/uploads\/2014\/01\/homepage-macbook_reflections-scaled.jpg\",\"contentUrl\":\"https:\/\/www.oriolmorte.com\/wp-content\/uploads\/2014\/01\/homepage-macbook_reflections-scaled.jpg\",\"width\":2560,\"height\":1707},{\"@type\":\"BreadcrumbList\",\"@id\":\"https:\/\/www.oriolmorte.com\/ca\/2014\/02\/07\/nou-disseny-oriolmorte-com\/#breadcrumb\",\"itemListElement\":[{\"@type\":\"ListItem\",\"position\":1,\"name\":\"Home\",\"item\":\"https:\/\/www.oriolmorte.com\/ca\/\"},{\"@type\":\"ListItem\",\"position\":2,\"name\":\"Nou disseny a Oriolmorte.com\"}]},{\"@type\":\"WebSite\",\"@id\":\"https:\/\/www.oriolmorte.com\/ca\/#website\",\"url\":\"https:\/\/www.oriolmorte.com\/ca\/\",\"name\":\"Oriol Morte | Visuals\",\"description\":\"Photography\",\"publisher\":{\"@id\":\"https:\/\/www.oriolmorte.com\/ca\/#\/schema\/person\/c939f3cb1e4f0e0d005eba682aa7f5a3\"},\"potentialAction\":[{\"@type\":\"SearchAction\",\"target\":{\"@type\":\"EntryPoint\",\"urlTemplate\":\"https:\/\/www.oriolmorte.com\/ca\/?s={search_term_string}\"},\"query-input\":{\"@type\":\"PropertyValueSpecification\",\"valueRequired\":true,\"valueName\":\"search_term_string\"}}],\"inLanguage\":\"ca\"},{\"@type\":[\"Person\",\"Organization\"],\"@id\":\"https:\/\/www.oriolmorte.com\/ca\/#\/schema\/person\/c939f3cb1e4f0e0d005eba682aa7f5a3\",\"name\":\"Oriol Morte\",\"image\":{\"@type\":\"ImageObject\",\"inLanguage\":\"ca\",\"@id\":\"https:\/\/www.oriolmorte.com\/ca\/#\/schema\/person\/image\/\",\"url\":\"https:\/\/www.oriolmorte.com\/wp-content\/uploads\/2014\/03\/logo_OM_black_translucent_background.png\",\"contentUrl\":\"https:\/\/www.oriolmorte.com\/wp-content\/uploads\/2014\/03\/logo_OM_black_translucent_background.png\",\"width\":500,\"height\":500,\"caption\":\"Oriol Morte\"},\"logo\":{\"@id\":\"https:\/\/www.oriolmorte.com\/ca\/#\/schema\/person\/image\/\"},\"description\":\"Photographer since 2002\",\"url\":\"https:\/\/www.oriolmorte.com\/ca\/author\/oriolmorte\/\"}]}<\/script>\n<!-- \/ Yoast SEO plugin. -->","yoast_head_json":{"title":"Nou disseny a Oriolmorte.com - Oriol Morte | Visuals","description":"Nou disseny a Oriolmorte.com m\u00e9s minimalista i elegant.M\u00e9s galeries i m\u00e9s fotos i blog millorat amb el portafoli de fotografia i visuals d'Oriol Morte","robots":{"index":"index","follow":"follow","max-snippet":"max-snippet:-1","max-image-preview":"max-image-preview:large","max-video-preview":"max-video-preview:-1"},"canonical":"https:\/\/www.oriolmorte.com\/ca\/2014\/02\/07\/nou-disseny-oriolmorte-com\/","og_locale":"ca_ES","og_type":"article","og_title":"Nou disseny a Oriolmorte.com - Oriol Morte | Visuals","og_description":"Nou disseny a Oriolmorte.com m\u00e9s minimalista i elegant.M\u00e9s galeries i m\u00e9s fotos i blog millorat amb el portafoli de fotografia i visuals d'Oriol Morte","og_url":"https:\/\/www.oriolmorte.com\/ca\/2014\/02\/07\/nou-disseny-oriolmorte-com\/","og_site_name":"Oriol Morte | Visuals","article_published_time":"2014-02-07T18:28:55+00:00","article_modified_time":"2019-06-02T16:00:00+00:00","og_image":[{"width":2560,"height":1707,"url":"https:\/\/www.oriolmorte.com\/wp-content\/uploads\/2014\/01\/homepage-macbook_reflections-scaled.jpg","type":"image\/jpeg"}],"author":"Oriol Morte","twitter_card":"summary_large_image","twitter_creator":"@oriolmorte","twitter_site":"@oriolmorte","twitter_misc":{"Escrit per":"Oriol Morte","Temps estimat de lectura":"3 minuts"},"schema":{"@context":"https:\/\/schema.org","@graph":[{"@type":"Article","@id":"https:\/\/www.oriolmorte.com\/ca\/2014\/02\/07\/nou-disseny-oriolmorte-com\/#article","isPartOf":{"@id":"https:\/\/www.oriolmorte.com\/ca\/2014\/02\/07\/nou-disseny-oriolmorte-com\/"},"author":{"name":"Oriol Morte","@id":"https:\/\/www.oriolmorte.com\/ca\/#\/schema\/person\/c939f3cb1e4f0e0d005eba682aa7f5a3"},"headline":"Nou disseny a Oriolmorte.com","datePublished":"2014-02-07T18:28:55+00:00","dateModified":"2019-06-02T16:00:00+00:00","mainEntityOfPage":{"@id":"https:\/\/www.oriolmorte.com\/ca\/2014\/02\/07\/nou-disseny-oriolmorte-com\/"},"wordCount":578,"publisher":{"@id":"https:\/\/www.oriolmorte.com\/ca\/#\/schema\/person\/c939f3cb1e4f0e0d005eba682aa7f5a3"},"image":{"@id":"https:\/\/www.oriolmorte.com\/ca\/2014\/02\/07\/nou-disseny-oriolmorte-com\/#primaryimage"},"thumbnailUrl":"https:\/\/www.oriolmorte.com\/wp-content\/uploads\/2014\/01\/homepage-macbook_reflections-scaled.jpg","articleSection":["Editorial"],"inLanguage":"ca"},{"@type":"WebPage","@id":"https:\/\/www.oriolmorte.com\/ca\/2014\/02\/07\/nou-disseny-oriolmorte-com\/","url":"https:\/\/www.oriolmorte.com\/ca\/2014\/02\/07\/nou-disseny-oriolmorte-com\/","name":"Nou disseny a Oriolmorte.com - Oriol Morte | Visuals","isPartOf":{"@id":"https:\/\/www.oriolmorte.com\/ca\/#website"},"primaryImageOfPage":{"@id":"https:\/\/www.oriolmorte.com\/ca\/2014\/02\/07\/nou-disseny-oriolmorte-com\/#primaryimage"},"image":{"@id":"https:\/\/www.oriolmorte.com\/ca\/2014\/02\/07\/nou-disseny-oriolmorte-com\/#primaryimage"},"thumbnailUrl":"https:\/\/www.oriolmorte.com\/wp-content\/uploads\/2014\/01\/homepage-macbook_reflections-scaled.jpg","datePublished":"2014-02-07T18:28:55+00:00","dateModified":"2019-06-02T16:00:00+00:00","description":"Nou disseny a Oriolmorte.com m\u00e9s minimalista i elegant.M\u00e9s galeries i m\u00e9s fotos i blog millorat amb el portafoli de fotografia i visuals d'Oriol Morte","breadcrumb":{"@id":"https:\/\/www.oriolmorte.com\/ca\/2014\/02\/07\/nou-disseny-oriolmorte-com\/#breadcrumb"},"inLanguage":"ca","potentialAction":[{"@type":"ReadAction","target":["https:\/\/www.oriolmorte.com\/ca\/2014\/02\/07\/nou-disseny-oriolmorte-com\/"]}]},{"@type":"ImageObject","inLanguage":"ca","@id":"https:\/\/www.oriolmorte.com\/ca\/2014\/02\/07\/nou-disseny-oriolmorte-com\/#primaryimage","url":"https:\/\/www.oriolmorte.com\/wp-content\/uploads\/2014\/01\/homepage-macbook_reflections-scaled.jpg","contentUrl":"https:\/\/www.oriolmorte.com\/wp-content\/uploads\/2014\/01\/homepage-macbook_reflections-scaled.jpg","width":2560,"height":1707},{"@type":"BreadcrumbList","@id":"https:\/\/www.oriolmorte.com\/ca\/2014\/02\/07\/nou-disseny-oriolmorte-com\/#breadcrumb","itemListElement":[{"@type":"ListItem","position":1,"name":"Home","item":"https:\/\/www.oriolmorte.com\/ca\/"},{"@type":"ListItem","position":2,"name":"Nou disseny a Oriolmorte.com"}]},{"@type":"WebSite","@id":"https:\/\/www.oriolmorte.com\/ca\/#website","url":"https:\/\/www.oriolmorte.com\/ca\/","name":"Oriol Morte | Visuals","description":"Photography","publisher":{"@id":"https:\/\/www.oriolmorte.com\/ca\/#\/schema\/person\/c939f3cb1e4f0e0d005eba682aa7f5a3"},"potentialAction":[{"@type":"SearchAction","target":{"@type":"EntryPoint","urlTemplate":"https:\/\/www.oriolmorte.com\/ca\/?s={search_term_string}"},"query-input":{"@type":"PropertyValueSpecification","valueRequired":true,"valueName":"search_term_string"}}],"inLanguage":"ca"},{"@type":["Person","Organization"],"@id":"https:\/\/www.oriolmorte.com\/ca\/#\/schema\/person\/c939f3cb1e4f0e0d005eba682aa7f5a3","name":"Oriol Morte","image":{"@type":"ImageObject","inLanguage":"ca","@id":"https:\/\/www.oriolmorte.com\/ca\/#\/schema\/person\/image\/","url":"https:\/\/www.oriolmorte.com\/wp-content\/uploads\/2014\/03\/logo_OM_black_translucent_background.png","contentUrl":"https:\/\/www.oriolmorte.com\/wp-content\/uploads\/2014\/03\/logo_OM_black_translucent_background.png","width":500,"height":500,"caption":"Oriol Morte"},"logo":{"@id":"https:\/\/www.oriolmorte.com\/ca\/#\/schema\/person\/image\/"},"description":"Photographer since 2002","url":"https:\/\/www.oriolmorte.com\/ca\/author\/oriolmorte\/"}]}},"_links":{"self":[{"href":"https:\/\/www.oriolmorte.com\/ca\/wp-json\/wp\/v2\/posts\/7422"}],"collection":[{"href":"https:\/\/www.oriolmorte.com\/ca\/wp-json\/wp\/v2\/posts"}],"about":[{"href":"https:\/\/www.oriolmorte.com\/ca\/wp-json\/wp\/v2\/types\/post"}],"author":[{"embeddable":true,"href":"https:\/\/www.oriolmorte.com\/ca\/wp-json\/wp\/v2\/users\/4"}],"replies":[{"embeddable":true,"href":"https:\/\/www.oriolmorte.com\/ca\/wp-json\/wp\/v2\/comments?post=7422"}],"version-history":[{"count":2,"href":"https:\/\/www.oriolmorte.com\/ca\/wp-json\/wp\/v2\/posts\/7422\/revisions"}],"predecessor-version":[{"id":7424,"href":"https:\/\/www.oriolmorte.com\/ca\/wp-json\/wp\/v2\/posts\/7422\/revisions\/7424"}],"wp:featuredmedia":[{"embeddable":true,"href":"https:\/\/www.oriolmorte.com\/ca\/wp-json\/wp\/v2\/media\/7368"}],"wp:attachment":[{"href":"https:\/\/www.oriolmorte.com\/ca\/wp-json\/wp\/v2\/media?parent=7422"}],"wp:term":[{"taxonomy":"category","embeddable":true,"href":"https:\/\/www.oriolmorte.com\/ca\/wp-json\/wp\/v2\/categories?post=7422"},{"taxonomy":"post_tag","embeddable":true,"href":"https:\/\/www.oriolmorte.com\/ca\/wp-json\/wp\/v2\/tags?post=7422"}],"curies":[{"name":"wp","href":"https:\/\/api.w.org\/{rel}","templated":true}]}}