{"id":7412,"date":"2013-12-28T00:01:55","date_gmt":"2013-12-27T23:01:55","guid":{"rendered":"http:\/\/www.oriolmorte.com\/?p=7412"},"modified":"2019-06-02T18:00:13","modified_gmt":"2019-06-02T16:00:13","slug":"5-dies-de-tardor-a-les-dolomites","status":"publish","type":"post","link":"https:\/\/www.oriolmorte.com\/ca\/2013\/12\/28\/5-dies-de-tardor-a-les-dolomites\/","title":{"rendered":"5 dies de tardor a les Dolomites"},"content":{"rendered":"<p style=\"text-align: justify;\">Els \u00faltims dos anys he sentit a parlar sobre les Dolomites un bon nombre de vegades. Nom\u00e9s sabia que eren un grup de muntanyes al nord-est d\u2019It\u00e0lia tocant a la frontera amb \u00c0ustria. No nom\u00e9s italians m\u2019havien parlat de les Dolomites sin\u00f3 tamb\u00e9 alguns amics que hi han estat i en guardaven molt bon record pel que explicaven. Durant el meu <a title=\"Tour fotogr\u00e0fic a It\u00e0lia per Lombardia, Emilia-Romagna i Veneto\" href=\"http:\/\/www.oriolmorte.com\/2013\/12\/27\/tour-fotografic-a-italia-per-lombardia-emilia-romagna-i-veneto\/?lang=ca\">viatge pel nord d\u2019It\u00e0lia<\/a>, 5 dies de tardor a les Dolomites era el complement perfecte.<\/p>\n<p>\u00a0<\/p>\n<h2 style=\"text-align: justify;\">Preparant el viatge<\/h2>\n<p style=\"text-align: justify;\">Vaig viatjar a It\u00e0lia molt enfocat a poder disfrutar i treure m\u00e0xim profit als meus dies a les Dolomites. El pla era no dirigir-se cap a les muntanyes fins que la previsi\u00f3 fos l\u2019adecuada. Aix\u00f2 no significa necess\u00e0riament sol per\u00f2 s\u00ed bones condicions per la fotografia. Sabent que les condicions clim\u00e0tiques a la muntanya s\u00f3n tant canviants, fins i tot aix\u00ed es podia preveure quin seria el patr\u00f3 del temps amb uns pocs dies d\u2019antel\u00b7laci\u00f3. L\u2019equip fotogr\u00e0fic que vaig triar per aquests 5 dies de tardor a les Dolomites va ser la 5Dmk2 junt amb les meves \u00f2ptiques preferides per viatjar: 24-70 f2.8 i el 70-200 f2.8L. El tr\u00edpode \u00e9s absolutament necessari per crear fotos i panor\u00e0miques de paisatge n\u00edtides i de qualitat.<\/p>\n<p style=\"text-align: justify;\">Tot el viatge va ser en cotxe. Era la millor manera per veure i visitar com m\u00e9s llocs millor. Sabia que excursions a peu hagu\u00e9ssin sigut una activitat fant\u00e0stica per\u00f2 hauria perdut oportunitat de veure molts m\u00e9s llocs interessants tamb\u00e9.<\/p>\n<p style=\"text-align: justify;\">Des que el cuartel general el tenia a Penia (Val di Fassa), dada dia el pla era organitzat en funci\u00f3 de les condicions clim\u00e0tiques i les localitzacions interessants organitzades per grups dins de cada zona.<\/p>\n<p>\u00a0<\/p>\n<h2 style=\"text-align: justify;\">Cam\u00ed a les Dolomites al llarg del Lago di Garda fins a Canazei<\/h2>\n<p style=\"text-align: justify;\">Sortint des de la prov\u00edncia de Cremona, la primera parada era a Castellaro Lagusello. \u00c9s poble realment petit i encantador. Est\u00e0 molt a prop de Monzambano i la seva tranquilitat em va convidar a fer algunes fotografies.<\/p>\n<p style=\"text-align: justify;\">Un cop deixes Castellaro Lagusello enrera per anar cap a les Dolomites, la millor opci\u00f3 \u00e9s rodejant el Lago di Garda. \u00a0Per disfrutar d\u2019un espl\u00e8ndit paisatge, cal seguir la carretera SR249\/SS249 que voreja el llac fins a Riva del Garda. Malgrat que hi havia una llum terrible per fer fotos aquell dia, encara valia molt la pena el paisatge al llarg d\u2019aquest gran llac.<\/p>\n<p style=\"text-align: justify;\">L\u2019\u00faltima parada era Penia, un poble de muntanya al costat de Canazei, a Val di Fassa. Aquest poble va ser la base d\u2019operacions pels 5 dies de tardor a les Dolomites. El millor regal que vaig tenir era en forma d\u2019una intensa nevada el primer mat\u00ed de ser all\u00e0. Aix\u00f2 va deixar un paisatge amb una mescla preciosa de neu i els tons de la tardor.<\/p>\n<p style=\"text-align: center;\">\u00a0<img fetchpriority=\"high\" decoding=\"async\" class=\"alignnone size-medium wp-image-7391\" src=\"http:\/\/www.oriolmorte.com\/wp-content\/uploads\/2014\/01\/MG_5063-Edit_oriol_morte_blog-710x266.jpg\" alt=\"5 dies de tardor a les Dolomites\" width=\"710\" height=\"266\" srcset=\"https:\/\/www.oriolmorte.com\/wp-content\/uploads\/2014\/01\/MG_5063-Edit_oriol_morte_blog-710x266.jpg 710w, https:\/\/www.oriolmorte.com\/wp-content\/uploads\/2014\/01\/MG_5063-Edit_oriol_morte_blog-600x225.jpg 600w, https:\/\/www.oriolmorte.com\/wp-content\/uploads\/2014\/01\/MG_5063-Edit_oriol_morte_blog-1030x385.jpg 1030w, https:\/\/www.oriolmorte.com\/wp-content\/uploads\/2014\/01\/MG_5063-Edit_oriol_morte_blog-705x264.jpg 705w, https:\/\/www.oriolmorte.com\/wp-content\/uploads\/2014\/01\/MG_5063-Edit_oriol_morte_blog.jpg 1420w\" sizes=\"(max-width: 710px) 100vw, 710px\" \/><\/p>\n<p>\u00a0<\/p>\n<h2 style=\"text-align: justify;\">Val di Funes, Lago Misurina, Lago di Carezza, Passo Sella, Pordoi, Giau, Gardena i Fedaia<\/h2>\n<p style=\"text-align: justify;\">Els dies seg\u00fcents em vaig dedicar a moure\u2019m amunt i avall d\u2019un lloc a l\u2019altre. Pics, passos, pobles i valls. Vaig conduir fins a Passo Sella, Passo Pordoi, Passo Giau, Passo Gardena i Passo Fedaia. Els llacs Misurina i el de Carezza s\u00f3n de visita obligada. Amagat entre valls, quan arribes al final de Val di Funes, et trobes amb un poble meravell\u00f3s, Santa Maddalena. Una petita vila que reposa als peus de l\u2019Odle i per ser sincers, un dels racons m\u00e9s bonics que pugueu visitar a las Dolomites.<\/p>\n<p>\u00a0<\/p>\n<p style=\"text-align: center;\"><img decoding=\"async\" class=\"alignnone size-medium wp-image-7382\" src=\"http:\/\/www.oriolmorte.com\/wp-content\/uploads\/2014\/01\/MG_4618_oriol_morte_blog-710x319.jpg\" alt=\"5 dies de tardor a les Dolomites\" width=\"710\" height=\"319\" srcset=\"https:\/\/www.oriolmorte.com\/wp-content\/uploads\/2014\/01\/MG_4618_oriol_morte_blog-710x319.jpg 710w, https:\/\/www.oriolmorte.com\/wp-content\/uploads\/2014\/01\/MG_4618_oriol_morte_blog-600x270.jpg 600w, https:\/\/www.oriolmorte.com\/wp-content\/uploads\/2014\/01\/MG_4618_oriol_morte_blog-1030x463.jpg 1030w, https:\/\/www.oriolmorte.com\/wp-content\/uploads\/2014\/01\/MG_4618_oriol_morte_blog-705x317.jpg 705w, https:\/\/www.oriolmorte.com\/wp-content\/uploads\/2014\/01\/MG_4618_oriol_morte_blog.jpg 1420w\" sizes=\"(max-width: 710px) 100vw, 710px\" \/><\/p>\n<p><img decoding=\"async\" class=\"alignnone size-medium wp-image-7379\" src=\"http:\/\/www.oriolmorte.com\/wp-content\/uploads\/2014\/01\/MG_4321-Edit_oriol_morte_blog-710x281.jpg\" alt=\"5 dies de tardor a les Dolomites\" width=\"710\" height=\"281\" srcset=\"https:\/\/www.oriolmorte.com\/wp-content\/uploads\/2014\/01\/MG_4321-Edit_oriol_morte_blog-710x281.jpg 710w, https:\/\/www.oriolmorte.com\/wp-content\/uploads\/2014\/01\/MG_4321-Edit_oriol_morte_blog-600x238.jpg 600w, https:\/\/www.oriolmorte.com\/wp-content\/uploads\/2014\/01\/MG_4321-Edit_oriol_morte_blog-1030x408.jpg 1030w, https:\/\/www.oriolmorte.com\/wp-content\/uploads\/2014\/01\/MG_4321-Edit_oriol_morte_blog-705x279.jpg 705w, https:\/\/www.oriolmorte.com\/wp-content\/uploads\/2014\/01\/MG_4321-Edit_oriol_morte_blog.jpg 1420w\" sizes=\"(max-width: 710px) 100vw, 710px\" \/><\/p>\n<p><img loading=\"lazy\" decoding=\"async\" class=\"alignnone size-medium wp-image-7388\" src=\"http:\/\/www.oriolmorte.com\/wp-content\/uploads\/2014\/01\/MG_4921_oriol_morte_blog-710x473.jpg\" alt=\"5 dies de tardor a les Dolomites\" width=\"710\" height=\"473\" srcset=\"https:\/\/www.oriolmorte.com\/wp-content\/uploads\/2014\/01\/MG_4921_oriol_morte_blog-710x473.jpg 710w, https:\/\/www.oriolmorte.com\/wp-content\/uploads\/2014\/01\/MG_4921_oriol_morte_blog-600x400.jpg 600w, https:\/\/www.oriolmorte.com\/wp-content\/uploads\/2014\/01\/MG_4921_oriol_morte_blog-899x600.jpg 899w, https:\/\/www.oriolmorte.com\/wp-content\/uploads\/2014\/01\/MG_4921_oriol_morte_blog-705x470.jpg 705w, https:\/\/www.oriolmorte.com\/wp-content\/uploads\/2014\/01\/MG_4921_oriol_morte_blog.jpg 1420w\" sizes=\"(max-width: 710px) 100vw, 710px\" \/><\/p>\n<p>\u00a0<\/p>\n<p style=\"text-align: justify;\">Realment val la pena matinar abans de l\u2019albada per tal de dirigir-se muntanya amunt fins a les al\u00e7ades per observar la bellesa del sol rogent il\u00b7luminant amb els seus primers raigs els pics de les muntanyes.<\/p>\n<p>\u00a0<\/p>\n<p style=\"text-align: center;\">\u00a0<img loading=\"lazy\" decoding=\"async\" class=\"alignnone size-medium wp-image-7385\" src=\"http:\/\/www.oriolmorte.com\/wp-content\/uploads\/2014\/01\/MG_4729-Edit_oriol_morte_blog-710x213.jpg\" alt=\"5 dies de tardor a les Dolomites\" width=\"710\" height=\"213\" srcset=\"https:\/\/www.oriolmorte.com\/wp-content\/uploads\/2014\/01\/MG_4729-Edit_oriol_morte_blog-710x213.jpg 710w, https:\/\/www.oriolmorte.com\/wp-content\/uploads\/2014\/01\/MG_4729-Edit_oriol_morte_blog-600x180.jpg 600w, https:\/\/www.oriolmorte.com\/wp-content\/uploads\/2014\/01\/MG_4729-Edit_oriol_morte_blog-1030x309.jpg 1030w, https:\/\/www.oriolmorte.com\/wp-content\/uploads\/2014\/01\/MG_4729-Edit_oriol_morte_blog-705x211.jpg 705w, https:\/\/www.oriolmorte.com\/wp-content\/uploads\/2014\/01\/MG_4729-Edit_oriol_morte_blog.jpg 1420w\" sizes=\"(max-width: 710px) 100vw, 710px\" \/><\/p>\n<p>\u00a0<\/p>\n<p style=\"text-align: justify;\">Entreu aqu\u00ed a visitar la <a title=\"It\u00e0lia\" href=\"http:\/\/www.oriolmorte.com\/gallery\/italia\/?lang=ca\">Galeria d\u2019It\u00e0lia<\/a> amb la col\u00b7lecci\u00f3 completa d\u2019aquests 5 dies de tardor a les Dolomites.<\/p>\n<p>\u00a0<\/p>\n","protected":false},"excerpt":{"rendered":"<p>Els \u00faltims dos anys he sentit a parlar sobre les Dolomites un bon nombre de vegades. Nom\u00e9s sabia que eren un grup de muntanyes al nord-est d\u2019It\u00e0lia tocant a la frontera amb \u00c0ustria. No nom\u00e9s italians m\u2019havien parlat de les Dolomites sin\u00f3 tamb\u00e9 alguns amics que hi han estat i en guardaven molt bon record pel que explicaven. Durant el meu viatge pel nord d\u2019It\u00e0lia, 5 dies de tardor a les Dolomites era el complement perfecte. \u00a0 Preparant el viatge [&hellip;]<\/p>\n","protected":false},"author":4,"featured_media":7398,"comment_status":"closed","ping_status":"open","sticky":false,"template":"","format":"standard","meta":{"footnotes":""},"categories":[174,175],"tags":[],"yoast_head":"<!-- This site is optimized with the Yoast SEO plugin v23.5 - https:\/\/yoast.com\/wordpress\/plugins\/seo\/ -->\n<title>5 dies de tardor a les Dolomites<\/title>\n<meta name=\"description\" content=\"5 dies de tardor a les Dolomites. Ruta de fotos per Val di Fassa, Val di Funes, Passo Sella, Pordoi, Giau, Gardena i Fedaia. Llac de Carezza i Misurina\" \/>\n<meta name=\"robots\" content=\"index, follow, max-snippet:-1, max-image-preview:large, max-video-preview:-1\" \/>\n<link rel=\"canonical\" href=\"https:\/\/www.oriolmorte.com\/ca\/2013\/12\/28\/5-dies-de-tardor-a-les-dolomites\/\" \/>\n<meta property=\"og:locale\" content=\"ca_ES\" \/>\n<meta property=\"og:type\" content=\"article\" \/>\n<meta property=\"og:title\" content=\"5 dies de tardor a les Dolomites\" \/>\n<meta property=\"og:description\" content=\"5 dies de tardor a les Dolomites. Ruta de fotos per Val di Fassa, Val di Funes, Passo Sella, Pordoi, Giau, Gardena i Fedaia. Llac de Carezza i Misurina\" \/>\n<meta property=\"og:url\" content=\"https:\/\/www.oriolmorte.com\/ca\/2013\/12\/28\/5-dies-de-tardor-a-les-dolomites\/\" \/>\n<meta property=\"og:site_name\" content=\"Oriol Morte | Visuals\" \/>\n<meta property=\"article:published_time\" content=\"2013-12-27T23:01:55+00:00\" \/>\n<meta property=\"article:modified_time\" content=\"2019-06-02T16:00:13+00:00\" \/>\n<meta property=\"og:image\" content=\"https:\/\/www.oriolmorte.com\/wp-content\/uploads\/2013\/12\/MG_4718_oriol_morte_featured_blog-scaled.jpg\" \/>\n\t<meta property=\"og:image:width\" content=\"2560\" \/>\n\t<meta property=\"og:image:height\" content=\"1707\" \/>\n\t<meta property=\"og:image:type\" content=\"image\/jpeg\" \/>\n<meta name=\"author\" content=\"Oriol Morte\" \/>\n<meta name=\"twitter:card\" content=\"summary_large_image\" \/>\n<meta name=\"twitter:creator\" content=\"@oriolmorte\" \/>\n<meta name=\"twitter:site\" content=\"@oriolmorte\" \/>\n<meta name=\"twitter:label1\" content=\"Escrit per\" \/>\n\t<meta name=\"twitter:data1\" content=\"Oriol Morte\" \/>\n\t<meta name=\"twitter:label2\" content=\"Temps estimat de lectura\" \/>\n\t<meta name=\"twitter:data2\" content=\"3 minuts\" \/>\n<script type=\"application\/ld+json\" class=\"yoast-schema-graph\">{\"@context\":\"https:\/\/schema.org\",\"@graph\":[{\"@type\":\"Article\",\"@id\":\"https:\/\/www.oriolmorte.com\/ca\/2013\/12\/28\/5-dies-de-tardor-a-les-dolomites\/#article\",\"isPartOf\":{\"@id\":\"https:\/\/www.oriolmorte.com\/ca\/2013\/12\/28\/5-dies-de-tardor-a-les-dolomites\/\"},\"author\":{\"name\":\"Oriol Morte\",\"@id\":\"https:\/\/www.oriolmorte.com\/ca\/#\/schema\/person\/c939f3cb1e4f0e0d005eba682aa7f5a3\"},\"headline\":\"5 dies de tardor a les Dolomites\",\"datePublished\":\"2013-12-27T23:01:55+00:00\",\"dateModified\":\"2019-06-02T16:00:13+00:00\",\"mainEntityOfPage\":{\"@id\":\"https:\/\/www.oriolmorte.com\/ca\/2013\/12\/28\/5-dies-de-tardor-a-les-dolomites\/\"},\"wordCount\":675,\"publisher\":{\"@id\":\"https:\/\/www.oriolmorte.com\/ca\/#\/schema\/person\/c939f3cb1e4f0e0d005eba682aa7f5a3\"},\"image\":{\"@id\":\"https:\/\/www.oriolmorte.com\/ca\/2013\/12\/28\/5-dies-de-tardor-a-les-dolomites\/#primaryimage\"},\"thumbnailUrl\":\"https:\/\/www.oriolmorte.com\/wp-content\/uploads\/2013\/12\/MG_4718_oriol_morte_featured_blog-scaled.jpg\",\"articleSection\":[\"Paisatges\",\"Viatges\"],\"inLanguage\":\"ca\"},{\"@type\":\"WebPage\",\"@id\":\"https:\/\/www.oriolmorte.com\/ca\/2013\/12\/28\/5-dies-de-tardor-a-les-dolomites\/\",\"url\":\"https:\/\/www.oriolmorte.com\/ca\/2013\/12\/28\/5-dies-de-tardor-a-les-dolomites\/\",\"name\":\"5 dies de tardor a les Dolomites\",\"isPartOf\":{\"@id\":\"https:\/\/www.oriolmorte.com\/ca\/#website\"},\"primaryImageOfPage\":{\"@id\":\"https:\/\/www.oriolmorte.com\/ca\/2013\/12\/28\/5-dies-de-tardor-a-les-dolomites\/#primaryimage\"},\"image\":{\"@id\":\"https:\/\/www.oriolmorte.com\/ca\/2013\/12\/28\/5-dies-de-tardor-a-les-dolomites\/#primaryimage\"},\"thumbnailUrl\":\"https:\/\/www.oriolmorte.com\/wp-content\/uploads\/2013\/12\/MG_4718_oriol_morte_featured_blog-scaled.jpg\",\"datePublished\":\"2013-12-27T23:01:55+00:00\",\"dateModified\":\"2019-06-02T16:00:13+00:00\",\"description\":\"5 dies de tardor a les Dolomites. Ruta de fotos per Val di Fassa, Val di Funes, Passo Sella, Pordoi, Giau, Gardena i Fedaia. Llac de Carezza i Misurina\",\"breadcrumb\":{\"@id\":\"https:\/\/www.oriolmorte.com\/ca\/2013\/12\/28\/5-dies-de-tardor-a-les-dolomites\/#breadcrumb\"},\"inLanguage\":\"ca\",\"potentialAction\":[{\"@type\":\"ReadAction\",\"target\":[\"https:\/\/www.oriolmorte.com\/ca\/2013\/12\/28\/5-dies-de-tardor-a-les-dolomites\/\"]}]},{\"@type\":\"ImageObject\",\"inLanguage\":\"ca\",\"@id\":\"https:\/\/www.oriolmorte.com\/ca\/2013\/12\/28\/5-dies-de-tardor-a-les-dolomites\/#primaryimage\",\"url\":\"https:\/\/www.oriolmorte.com\/wp-content\/uploads\/2013\/12\/MG_4718_oriol_morte_featured_blog-scaled.jpg\",\"contentUrl\":\"https:\/\/www.oriolmorte.com\/wp-content\/uploads\/2013\/12\/MG_4718_oriol_morte_featured_blog-scaled.jpg\",\"width\":2560,\"height\":1707,\"caption\":\"5 dies de tardor a les Dolomites\"},{\"@type\":\"BreadcrumbList\",\"@id\":\"https:\/\/www.oriolmorte.com\/ca\/2013\/12\/28\/5-dies-de-tardor-a-les-dolomites\/#breadcrumb\",\"itemListElement\":[{\"@type\":\"ListItem\",\"position\":1,\"name\":\"Home\",\"item\":\"https:\/\/www.oriolmorte.com\/ca\/\"},{\"@type\":\"ListItem\",\"position\":2,\"name\":\"5 dies de tardor a les Dolomites\"}]},{\"@type\":\"WebSite\",\"@id\":\"https:\/\/www.oriolmorte.com\/ca\/#website\",\"url\":\"https:\/\/www.oriolmorte.com\/ca\/\",\"name\":\"Oriol Morte | Visuals\",\"description\":\"Photography\",\"publisher\":{\"@id\":\"https:\/\/www.oriolmorte.com\/ca\/#\/schema\/person\/c939f3cb1e4f0e0d005eba682aa7f5a3\"},\"potentialAction\":[{\"@type\":\"SearchAction\",\"target\":{\"@type\":\"EntryPoint\",\"urlTemplate\":\"https:\/\/www.oriolmorte.com\/ca\/?s={search_term_string}\"},\"query-input\":{\"@type\":\"PropertyValueSpecification\",\"valueRequired\":true,\"valueName\":\"search_term_string\"}}],\"inLanguage\":\"ca\"},{\"@type\":[\"Person\",\"Organization\"],\"@id\":\"https:\/\/www.oriolmorte.com\/ca\/#\/schema\/person\/c939f3cb1e4f0e0d005eba682aa7f5a3\",\"name\":\"Oriol Morte\",\"image\":{\"@type\":\"ImageObject\",\"inLanguage\":\"ca\",\"@id\":\"https:\/\/www.oriolmorte.com\/ca\/#\/schema\/person\/image\/\",\"url\":\"https:\/\/www.oriolmorte.com\/wp-content\/uploads\/2014\/03\/logo_OM_black_translucent_background.png\",\"contentUrl\":\"https:\/\/www.oriolmorte.com\/wp-content\/uploads\/2014\/03\/logo_OM_black_translucent_background.png\",\"width\":500,\"height\":500,\"caption\":\"Oriol Morte\"},\"logo\":{\"@id\":\"https:\/\/www.oriolmorte.com\/ca\/#\/schema\/person\/image\/\"},\"description\":\"Photographer since 2002\",\"url\":\"https:\/\/www.oriolmorte.com\/ca\/author\/oriolmorte\/\"}]}<\/script>\n<!-- \/ Yoast SEO plugin. -->","yoast_head_json":{"title":"5 dies de tardor a les Dolomites","description":"5 dies de tardor a les Dolomites. Ruta de fotos per Val di Fassa, Val di Funes, Passo Sella, Pordoi, Giau, Gardena i Fedaia. Llac de Carezza i Misurina","robots":{"index":"index","follow":"follow","max-snippet":"max-snippet:-1","max-image-preview":"max-image-preview:large","max-video-preview":"max-video-preview:-1"},"canonical":"https:\/\/www.oriolmorte.com\/ca\/2013\/12\/28\/5-dies-de-tardor-a-les-dolomites\/","og_locale":"ca_ES","og_type":"article","og_title":"5 dies de tardor a les Dolomites","og_description":"5 dies de tardor a les Dolomites. Ruta de fotos per Val di Fassa, Val di Funes, Passo Sella, Pordoi, Giau, Gardena i Fedaia. Llac de Carezza i Misurina","og_url":"https:\/\/www.oriolmorte.com\/ca\/2013\/12\/28\/5-dies-de-tardor-a-les-dolomites\/","og_site_name":"Oriol Morte | Visuals","article_published_time":"2013-12-27T23:01:55+00:00","article_modified_time":"2019-06-02T16:00:13+00:00","og_image":[{"width":2560,"height":1707,"url":"https:\/\/www.oriolmorte.com\/wp-content\/uploads\/2013\/12\/MG_4718_oriol_morte_featured_blog-scaled.jpg","type":"image\/jpeg"}],"author":"Oriol Morte","twitter_card":"summary_large_image","twitter_creator":"@oriolmorte","twitter_site":"@oriolmorte","twitter_misc":{"Escrit per":"Oriol Morte","Temps estimat de lectura":"3 minuts"},"schema":{"@context":"https:\/\/schema.org","@graph":[{"@type":"Article","@id":"https:\/\/www.oriolmorte.com\/ca\/2013\/12\/28\/5-dies-de-tardor-a-les-dolomites\/#article","isPartOf":{"@id":"https:\/\/www.oriolmorte.com\/ca\/2013\/12\/28\/5-dies-de-tardor-a-les-dolomites\/"},"author":{"name":"Oriol Morte","@id":"https:\/\/www.oriolmorte.com\/ca\/#\/schema\/person\/c939f3cb1e4f0e0d005eba682aa7f5a3"},"headline":"5 dies de tardor a les Dolomites","datePublished":"2013-12-27T23:01:55+00:00","dateModified":"2019-06-02T16:00:13+00:00","mainEntityOfPage":{"@id":"https:\/\/www.oriolmorte.com\/ca\/2013\/12\/28\/5-dies-de-tardor-a-les-dolomites\/"},"wordCount":675,"publisher":{"@id":"https:\/\/www.oriolmorte.com\/ca\/#\/schema\/person\/c939f3cb1e4f0e0d005eba682aa7f5a3"},"image":{"@id":"https:\/\/www.oriolmorte.com\/ca\/2013\/12\/28\/5-dies-de-tardor-a-les-dolomites\/#primaryimage"},"thumbnailUrl":"https:\/\/www.oriolmorte.com\/wp-content\/uploads\/2013\/12\/MG_4718_oriol_morte_featured_blog-scaled.jpg","articleSection":["Paisatges","Viatges"],"inLanguage":"ca"},{"@type":"WebPage","@id":"https:\/\/www.oriolmorte.com\/ca\/2013\/12\/28\/5-dies-de-tardor-a-les-dolomites\/","url":"https:\/\/www.oriolmorte.com\/ca\/2013\/12\/28\/5-dies-de-tardor-a-les-dolomites\/","name":"5 dies de tardor a les Dolomites","isPartOf":{"@id":"https:\/\/www.oriolmorte.com\/ca\/#website"},"primaryImageOfPage":{"@id":"https:\/\/www.oriolmorte.com\/ca\/2013\/12\/28\/5-dies-de-tardor-a-les-dolomites\/#primaryimage"},"image":{"@id":"https:\/\/www.oriolmorte.com\/ca\/2013\/12\/28\/5-dies-de-tardor-a-les-dolomites\/#primaryimage"},"thumbnailUrl":"https:\/\/www.oriolmorte.com\/wp-content\/uploads\/2013\/12\/MG_4718_oriol_morte_featured_blog-scaled.jpg","datePublished":"2013-12-27T23:01:55+00:00","dateModified":"2019-06-02T16:00:13+00:00","description":"5 dies de tardor a les Dolomites. Ruta de fotos per Val di Fassa, Val di Funes, Passo Sella, Pordoi, Giau, Gardena i Fedaia. Llac de Carezza i Misurina","breadcrumb":{"@id":"https:\/\/www.oriolmorte.com\/ca\/2013\/12\/28\/5-dies-de-tardor-a-les-dolomites\/#breadcrumb"},"inLanguage":"ca","potentialAction":[{"@type":"ReadAction","target":["https:\/\/www.oriolmorte.com\/ca\/2013\/12\/28\/5-dies-de-tardor-a-les-dolomites\/"]}]},{"@type":"ImageObject","inLanguage":"ca","@id":"https:\/\/www.oriolmorte.com\/ca\/2013\/12\/28\/5-dies-de-tardor-a-les-dolomites\/#primaryimage","url":"https:\/\/www.oriolmorte.com\/wp-content\/uploads\/2013\/12\/MG_4718_oriol_morte_featured_blog-scaled.jpg","contentUrl":"https:\/\/www.oriolmorte.com\/wp-content\/uploads\/2013\/12\/MG_4718_oriol_morte_featured_blog-scaled.jpg","width":2560,"height":1707,"caption":"5 dies de tardor a les Dolomites"},{"@type":"BreadcrumbList","@id":"https:\/\/www.oriolmorte.com\/ca\/2013\/12\/28\/5-dies-de-tardor-a-les-dolomites\/#breadcrumb","itemListElement":[{"@type":"ListItem","position":1,"name":"Home","item":"https:\/\/www.oriolmorte.com\/ca\/"},{"@type":"ListItem","position":2,"name":"5 dies de tardor a les Dolomites"}]},{"@type":"WebSite","@id":"https:\/\/www.oriolmorte.com\/ca\/#website","url":"https:\/\/www.oriolmorte.com\/ca\/","name":"Oriol Morte | Visuals","description":"Photography","publisher":{"@id":"https:\/\/www.oriolmorte.com\/ca\/#\/schema\/person\/c939f3cb1e4f0e0d005eba682aa7f5a3"},"potentialAction":[{"@type":"SearchAction","target":{"@type":"EntryPoint","urlTemplate":"https:\/\/www.oriolmorte.com\/ca\/?s={search_term_string}"},"query-input":{"@type":"PropertyValueSpecification","valueRequired":true,"valueName":"search_term_string"}}],"inLanguage":"ca"},{"@type":["Person","Organization"],"@id":"https:\/\/www.oriolmorte.com\/ca\/#\/schema\/person\/c939f3cb1e4f0e0d005eba682aa7f5a3","name":"Oriol Morte","image":{"@type":"ImageObject","inLanguage":"ca","@id":"https:\/\/www.oriolmorte.com\/ca\/#\/schema\/person\/image\/","url":"https:\/\/www.oriolmorte.com\/wp-content\/uploads\/2014\/03\/logo_OM_black_translucent_background.png","contentUrl":"https:\/\/www.oriolmorte.com\/wp-content\/uploads\/2014\/03\/logo_OM_black_translucent_background.png","width":500,"height":500,"caption":"Oriol Morte"},"logo":{"@id":"https:\/\/www.oriolmorte.com\/ca\/#\/schema\/person\/image\/"},"description":"Photographer since 2002","url":"https:\/\/www.oriolmorte.com\/ca\/author\/oriolmorte\/"}]}},"_links":{"self":[{"href":"https:\/\/www.oriolmorte.com\/ca\/wp-json\/wp\/v2\/posts\/7412"}],"collection":[{"href":"https:\/\/www.oriolmorte.com\/ca\/wp-json\/wp\/v2\/posts"}],"about":[{"href":"https:\/\/www.oriolmorte.com\/ca\/wp-json\/wp\/v2\/types\/post"}],"author":[{"embeddable":true,"href":"https:\/\/www.oriolmorte.com\/ca\/wp-json\/wp\/v2\/users\/4"}],"replies":[{"embeddable":true,"href":"https:\/\/www.oriolmorte.com\/ca\/wp-json\/wp\/v2\/comments?post=7412"}],"version-history":[{"count":4,"href":"https:\/\/www.oriolmorte.com\/ca\/wp-json\/wp\/v2\/posts\/7412\/revisions"}],"predecessor-version":[{"id":34623,"href":"https:\/\/www.oriolmorte.com\/ca\/wp-json\/wp\/v2\/posts\/7412\/revisions\/34623"}],"wp:featuredmedia":[{"embeddable":true,"href":"https:\/\/www.oriolmorte.com\/ca\/wp-json\/wp\/v2\/media\/7398"}],"wp:attachment":[{"href":"https:\/\/www.oriolmorte.com\/ca\/wp-json\/wp\/v2\/media?parent=7412"}],"wp:term":[{"taxonomy":"category","embeddable":true,"href":"https:\/\/www.oriolmorte.com\/ca\/wp-json\/wp\/v2\/categories?post=7412"},{"taxonomy":"post_tag","embeddable":true,"href":"https:\/\/www.oriolmorte.com\/ca\/wp-json\/wp\/v2\/tags?post=7412"}],"curies":[{"name":"wp","href":"https:\/\/api.w.org\/{rel}","templated":true}]}}