{"id":7369,"date":"2013-12-27T15:33:42","date_gmt":"2013-12-27T14:33:42","guid":{"rendered":"http:\/\/www.oriolmorte.com\/?p=7369"},"modified":"2019-06-02T18:00:24","modified_gmt":"2019-06-02T16:00:24","slug":"tour-fotografic-a-italia-per-lombardia-emilia-romagna-i-veneto","status":"publish","type":"post","link":"https:\/\/www.oriolmorte.com\/ca\/2013\/12\/27\/tour-fotografic-a-italia-per-lombardia-emilia-romagna-i-veneto\/","title":{"rendered":"Tour fotogr\u00e0fic a It\u00e0lia per Lombardia, Emilia-Romagna i Veneto"},"content":{"rendered":"<p><!--?xml version=\"1.0\" encoding=\"UTF-8\" standalone=\"no\"?--><\/p>\n<div style=\"text-align: justify;\"><span style=\"line-height: 1.5em;\">Va ser fa molt temps quan vaig visitar It\u00e0lia. Nom\u00e9s tenia 6 anys. Moment doncs de visitar It\u00e0lia. Des que he compartit un parell de pisos a Barcelona i Melbourne i conegut a molts amics d\u2019arreu del m\u00f3n, tens l\u2019oportunitat de fer amics i con\u00e8ixer diferents cultures. La casualitat em va portar a compartir pis amb italians del nord d\u2019It\u00e0lia tant a Barcelona com a Austr\u00e0lia. No tenia m\u00e9s excuses per visitar la seva \u00e0rea i fer real aquest tour fotogr\u00e0fic a It\u00e0lia per Lombardia, Emilia-Romagna i Veneto.<\/span><\/div>\n<p>&nbsp;<\/p>\n<div style=\"text-align: justify;\"><\/div>\n<div style=\"text-align: center;\"><\/div>\n<h2 style=\"text-align: justify;\">Mil\u00e0<\/h2>\n<div style=\"text-align: justify;\">Aterrant a Mil\u00e0 Malpensa, em va portar a visitar una de les ciutats m\u00e9s grans d\u2019It\u00e0lia. Nom\u00e9s vaig tenir un dia per visitar la capital Lombarda. L\u2019objectiu llavors era anar directe cap al centre hist\u00f2ric de la ciutat. Encara que l\u2019estaci\u00f3 Milano Centrale, on vaig arribar, era espectacular, no podia entretenir-me per dirigir-me cap a la Piazza del Duomo. All\u00e0 s\u2019hi troba Il Duomo di Milano i la Galleria Vittorio Emanuele II. Esgotant-se el temps i arrossegant arreu les meves maletes, em va quedar clar que haur\u00e9 de tornar a Mil\u00e0 una altra vegada.<\/div>\n<div style=\"text-align: justify;\"><\/div>\n<p>&nbsp;<\/p>\n<div style=\"text-align: center;\"><img fetchpriority=\"high\" decoding=\"async\" class=\"alignnone size-medium wp-image-7317\" src=\"http:\/\/www.oriolmorte.com\/wp-content\/uploads\/2014\/01\/MG_4093-Edit_oriol_morte_blog-710x266.jpg\" alt=\"Photography journey in Italy from Lombardia, Emilia-Romagna and Veneto\" width=\"710\" height=\"266\" srcset=\"https:\/\/www.oriolmorte.com\/wp-content\/uploads\/2014\/01\/MG_4093-Edit_oriol_morte_blog-710x266.jpg 710w, https:\/\/www.oriolmorte.com\/wp-content\/uploads\/2014\/01\/MG_4093-Edit_oriol_morte_blog-600x225.jpg 600w, https:\/\/www.oriolmorte.com\/wp-content\/uploads\/2014\/01\/MG_4093-Edit_oriol_morte_blog-1030x386.jpg 1030w, https:\/\/www.oriolmorte.com\/wp-content\/uploads\/2014\/01\/MG_4093-Edit_oriol_morte_blog-705x264.jpg 705w, https:\/\/www.oriolmorte.com\/wp-content\/uploads\/2014\/01\/MG_4093-Edit_oriol_morte_blog.jpg 1420w\" sizes=\"(max-width: 710px) 100vw, 710px\" \/><\/div>\n<p>&nbsp;<\/p>\n<h2 style=\"text-align: justify;\">Pianura Padana<\/h2>\n<div style=\"text-align: justify;\">La major part del nord d\u2019It\u00e0lia est\u00e0 coberta pel que ells en diuen la Pianura Padana. Una plana de vasta extensi\u00f3 nom\u00e9s trencada per pobles, ciutats, els Appennini (un grup de muntanyes que v\u00e9nen del sud) i els Alps al nord de la plana. Durant aquest tour fotogr\u00e0fic a It\u00e0lia per Lombardia, Emilia-Romagna i Veneto pots fins i tot veure com canvia el car\u00e0cter de la poblaci\u00f3 entre les diferents regions.<\/div>\n<p>&nbsp;<\/p>\n<div style=\"text-align: justify;\"><\/div>\n<div style=\"text-align: center;\">\n<p><img decoding=\"async\" class=\"alignnone size-medium wp-image-7320\" src=\"http:\/\/www.oriolmorte.com\/wp-content\/uploads\/2014\/01\/MG_4134-Edit_oriol_morte_blog-710x177.jpg\" alt=\"Photography journey in Italy from Lombardia, Emilia-Romagna and Veneto\" width=\"710\" height=\"177\" srcset=\"https:\/\/www.oriolmorte.com\/wp-content\/uploads\/2014\/01\/MG_4134-Edit_oriol_morte_blog-710x177.jpg 710w, https:\/\/www.oriolmorte.com\/wp-content\/uploads\/2014\/01\/MG_4134-Edit_oriol_morte_blog-600x150.jpg 600w, https:\/\/www.oriolmorte.com\/wp-content\/uploads\/2014\/01\/MG_4134-Edit_oriol_morte_blog-1030x257.jpg 1030w, https:\/\/www.oriolmorte.com\/wp-content\/uploads\/2014\/01\/MG_4134-Edit_oriol_morte_blog-705x176.jpg 705w, https:\/\/www.oriolmorte.com\/wp-content\/uploads\/2014\/01\/MG_4134-Edit_oriol_morte_blog.jpg 1420w\" sizes=\"(max-width: 710px) 100vw, 710px\" \/><\/p>\n<p><img decoding=\"async\" class=\"alignnone size-medium wp-image-7323\" src=\"http:\/\/www.oriolmorte.com\/wp-content\/uploads\/2014\/01\/MG_4163-Edit_oriol_morte_blog-710x177.jpg\" alt=\"Photography journey in Italy from Lombardia, Emilia-Romagna and Veneto\" width=\"710\" height=\"177\" srcset=\"https:\/\/www.oriolmorte.com\/wp-content\/uploads\/2014\/01\/MG_4163-Edit_oriol_morte_blog-710x177.jpg 710w, https:\/\/www.oriolmorte.com\/wp-content\/uploads\/2014\/01\/MG_4163-Edit_oriol_morte_blog-600x150.jpg 600w, https:\/\/www.oriolmorte.com\/wp-content\/uploads\/2014\/01\/MG_4163-Edit_oriol_morte_blog-1030x257.jpg 1030w, https:\/\/www.oriolmorte.com\/wp-content\/uploads\/2014\/01\/MG_4163-Edit_oriol_morte_blog-705x176.jpg 705w, https:\/\/www.oriolmorte.com\/wp-content\/uploads\/2014\/01\/MG_4163-Edit_oriol_morte_blog.jpg 1420w\" sizes=\"(max-width: 710px) 100vw, 710px\" \/><\/p>\n<\/div>\n<p>&nbsp;<\/p>\n<div style=\"text-align: justify;\"><\/div>\n<div style=\"text-align: justify;\">Vaig visitar varie petits pobles d\u2019aquesta It\u00e0lia contempor\u00e0nia dins d\u2019aquesta plana i m\u2019agradaria mencionar especialment Casalmaggiore. Lluny de la mescla de gent de les ciutats, all\u00e0 \u00e9s on pots sentir com s\u00f3n realment. Si est\u00e0s buscant una bona localitzaci\u00f3 per observar el riu Po, all\u00e0 \u00e9s on has d\u2019anar.<\/div>\n<div style=\"text-align: justify;\"><\/div>\n<p>&nbsp;<\/p>\n<div style=\"text-align: center;\"><img loading=\"lazy\" decoding=\"async\" class=\"alignnone size-medium wp-image-7326\" src=\"http:\/\/www.oriolmorte.com\/wp-content\/uploads\/2014\/01\/MG_4233-Edit_oriol_morte_blog-710x153.jpg\" alt=\"Photography journey in Italy from Lombardia, Emilia-Romagna and Veneto\" width=\"710\" height=\"153\" srcset=\"https:\/\/www.oriolmorte.com\/wp-content\/uploads\/2014\/01\/MG_4233-Edit_oriol_morte_blog-710x153.jpg 710w, https:\/\/www.oriolmorte.com\/wp-content\/uploads\/2014\/01\/MG_4233-Edit_oriol_morte_blog-600x129.jpg 600w, https:\/\/www.oriolmorte.com\/wp-content\/uploads\/2014\/01\/MG_4233-Edit_oriol_morte_blog-1030x221.jpg 1030w, https:\/\/www.oriolmorte.com\/wp-content\/uploads\/2014\/01\/MG_4233-Edit_oriol_morte_blog-705x151.jpg 705w, https:\/\/www.oriolmorte.com\/wp-content\/uploads\/2014\/01\/MG_4233-Edit_oriol_morte_blog.jpg 1420w\" sizes=\"(max-width: 710px) 100vw, 710px\" \/><\/div>\n<p>&nbsp;<\/p>\n<h2 style=\"text-align: justify;\">Verona<\/h2>\n<div style=\"text-align: justify;\">Tant aviat com poses els peus a Verona, ja pots respirar l\u2019her\u00e8ncia hist\u00f2rica directe als plumons. A cada carrer per on passes, pots veure una petita part de l\u2019Hist\u00f2ria d\u2019It\u00e0lia. Malgrat la manca de recursos econ\u00f2mics per poder mantenir tants edificis i art centenari com hi ha, val realment la pena i no \u00e9s motiu suficient com per no quedar impressionat per tot el que la ciutat pot oferir. Per a aquells apassionats de les hist\u00f2ries de Romeu i Julieta, pots anar i visitar el que \u00e9s anomenat com el balc\u00f3 i la casa de Julieta. L\u2019Arena de verona \u00e9s d\u2019obligada visita. Localitzat a la Piazza Bra, \u00e9s un amfiteatre rom\u00e0 de 2000 anys d\u2019antiguitat.<\/div>\n<div style=\"text-align: justify;\"><\/div>\n<p>&nbsp;<\/p>\n<div style=\"text-align: center;\"><img loading=\"lazy\" decoding=\"async\" class=\"alignnone size-medium wp-image-7329\" src=\"http:\/\/www.oriolmorte.com\/wp-content\/uploads\/2014\/01\/MG_4174-Edit_oriol_morte_blog-710x247.jpg\" alt=\"Photography journey in Italy from Lombardia, Emilia-Romagna and Veneto\" width=\"710\" height=\"247\" srcset=\"https:\/\/www.oriolmorte.com\/wp-content\/uploads\/2014\/01\/MG_4174-Edit_oriol_morte_blog-710x247.jpg 710w, https:\/\/www.oriolmorte.com\/wp-content\/uploads\/2014\/01\/MG_4174-Edit_oriol_morte_blog-600x209.jpg 600w, https:\/\/www.oriolmorte.com\/wp-content\/uploads\/2014\/01\/MG_4174-Edit_oriol_morte_blog-1030x360.jpg 1030w, https:\/\/www.oriolmorte.com\/wp-content\/uploads\/2014\/01\/MG_4174-Edit_oriol_morte_blog-705x245.jpg 705w, https:\/\/www.oriolmorte.com\/wp-content\/uploads\/2014\/01\/MG_4174-Edit_oriol_morte_blog.jpg 1420w\" sizes=\"(max-width: 710px) 100vw, 710px\" \/><\/div>\n<p>&nbsp;<\/p>\n<div style=\"text-align: justify;\"><\/div>\n<div style=\"text-align: justify;\">Aquest tour fotogr\u00e0fic de Lombardia, Emilia-Romagna i Veneto va ser procedit per 5 dies de tardor a las Dolomites.<\/div>\n<div style=\"text-align: justify;\"><\/div>\n<p>&nbsp;<\/p>\n<div style=\"text-align: justify;\">Podeu visitar la galeria completa d\u2019<a title=\"It\u00e0lia\" href=\"http:\/\/www.oriolmorte.com\/gallery\/italia\/?lang=ca\">It\u00e0lia aqu\u00ed<\/a>.<\/div>\n<p>&nbsp;<\/p>\n","protected":false},"excerpt":{"rendered":"<p>Va ser fa molt temps quan vaig visitar It\u00e0lia. Nom\u00e9s tenia 6 anys. Moment doncs de visitar It\u00e0lia. Des que he compartit un parell de pisos a Barcelona i Melbourne i conegut a molts amics d\u2019arreu del m\u00f3n, tens l\u2019oportunitat de fer amics i con\u00e8ixer diferents cultures. La casualitat em va portar a compartir pis amb italians del nord d\u2019It\u00e0lia tant a Barcelona com a Austr\u00e0lia. No tenia m\u00e9s excuses per visitar la seva \u00e0rea i fer real aquest tour [&hellip;]<\/p>\n","protected":false},"author":4,"featured_media":7373,"comment_status":"closed","ping_status":"open","sticky":false,"template":"","format":"standard","meta":{"footnotes":""},"categories":[174,175],"tags":[],"yoast_head":"<!-- This site is optimized with the Yoast SEO plugin v23.5 - https:\/\/yoast.com\/wordpress\/plugins\/seo\/ -->\n<title>Tour fotogr\u00e0fic a It\u00e0lia per Lombardia, Emilia-Romagna i Veneto<\/title>\n<meta name=\"description\" content=\"Tour fotogr\u00e0fic a It\u00e0lia per Lombardia, Emilia-Romagna i Veneto. Panor\u00e0miques a Piazza del Duomo (Mil\u00e0), Pianura Padana, Casalmaggiore, Riu Po i Verona\" \/>\n<meta name=\"robots\" content=\"index, follow, max-snippet:-1, max-image-preview:large, max-video-preview:-1\" \/>\n<link rel=\"canonical\" href=\"https:\/\/www.oriolmorte.com\/ca\/2013\/12\/27\/tour-fotografic-a-italia-per-lombardia-emilia-romagna-i-veneto\/\" \/>\n<meta property=\"og:locale\" content=\"ca_ES\" \/>\n<meta property=\"og:type\" content=\"article\" \/>\n<meta property=\"og:title\" content=\"Tour fotogr\u00e0fic a It\u00e0lia per Lombardia, Emilia-Romagna i Veneto\" \/>\n<meta property=\"og:description\" content=\"Tour fotogr\u00e0fic a It\u00e0lia per Lombardia, Emilia-Romagna i Veneto. Panor\u00e0miques a Piazza del Duomo (Mil\u00e0), Pianura Padana, Casalmaggiore, Riu Po i Verona\" \/>\n<meta property=\"og:url\" content=\"https:\/\/www.oriolmorte.com\/ca\/2013\/12\/27\/tour-fotografic-a-italia-per-lombardia-emilia-romagna-i-veneto\/\" \/>\n<meta property=\"og:site_name\" content=\"Oriol Morte | Visuals\" \/>\n<meta property=\"article:published_time\" content=\"2013-12-27T14:33:42+00:00\" \/>\n<meta property=\"article:modified_time\" content=\"2019-06-02T16:00:24+00:00\" \/>\n<meta property=\"og:image\" content=\"https:\/\/www.oriolmorte.com\/wp-content\/uploads\/2013\/12\/MG_4174-Edit_oriol_morte_featured_blog-scaled.jpg\" \/>\n\t<meta property=\"og:image:width\" content=\"2560\" \/>\n\t<meta property=\"og:image:height\" content=\"1707\" \/>\n\t<meta property=\"og:image:type\" content=\"image\/jpeg\" \/>\n<meta name=\"author\" content=\"Oriol Morte\" \/>\n<meta name=\"twitter:card\" content=\"summary_large_image\" \/>\n<meta name=\"twitter:creator\" content=\"@oriolmorte\" \/>\n<meta name=\"twitter:site\" content=\"@oriolmorte\" \/>\n<meta name=\"twitter:label1\" content=\"Escrit per\" \/>\n\t<meta name=\"twitter:data1\" content=\"Oriol Morte\" \/>\n\t<meta name=\"twitter:label2\" content=\"Temps estimat de lectura\" \/>\n\t<meta name=\"twitter:data2\" content=\"3 minuts\" \/>\n<script type=\"application\/ld+json\" class=\"yoast-schema-graph\">{\"@context\":\"https:\/\/schema.org\",\"@graph\":[{\"@type\":\"Article\",\"@id\":\"https:\/\/www.oriolmorte.com\/ca\/2013\/12\/27\/tour-fotografic-a-italia-per-lombardia-emilia-romagna-i-veneto\/#article\",\"isPartOf\":{\"@id\":\"https:\/\/www.oriolmorte.com\/ca\/2013\/12\/27\/tour-fotografic-a-italia-per-lombardia-emilia-romagna-i-veneto\/\"},\"author\":{\"name\":\"Oriol Morte\",\"@id\":\"https:\/\/www.oriolmorte.com\/ca\/#\/schema\/person\/c939f3cb1e4f0e0d005eba682aa7f5a3\"},\"headline\":\"Tour fotogr\u00e0fic a It\u00e0lia per Lombardia, Emilia-Romagna i Veneto\",\"datePublished\":\"2013-12-27T14:33:42+00:00\",\"dateModified\":\"2019-06-02T16:00:24+00:00\",\"mainEntityOfPage\":{\"@id\":\"https:\/\/www.oriolmorte.com\/ca\/2013\/12\/27\/tour-fotografic-a-italia-per-lombardia-emilia-romagna-i-veneto\/\"},\"wordCount\":517,\"publisher\":{\"@id\":\"https:\/\/www.oriolmorte.com\/ca\/#\/schema\/person\/c939f3cb1e4f0e0d005eba682aa7f5a3\"},\"image\":{\"@id\":\"https:\/\/www.oriolmorte.com\/ca\/2013\/12\/27\/tour-fotografic-a-italia-per-lombardia-emilia-romagna-i-veneto\/#primaryimage\"},\"thumbnailUrl\":\"https:\/\/www.oriolmorte.com\/wp-content\/uploads\/2013\/12\/MG_4174-Edit_oriol_morte_featured_blog-scaled.jpg\",\"articleSection\":[\"Paisatges\",\"Viatges\"],\"inLanguage\":\"ca\"},{\"@type\":\"WebPage\",\"@id\":\"https:\/\/www.oriolmorte.com\/ca\/2013\/12\/27\/tour-fotografic-a-italia-per-lombardia-emilia-romagna-i-veneto\/\",\"url\":\"https:\/\/www.oriolmorte.com\/ca\/2013\/12\/27\/tour-fotografic-a-italia-per-lombardia-emilia-romagna-i-veneto\/\",\"name\":\"Tour fotogr\u00e0fic a It\u00e0lia per Lombardia, Emilia-Romagna i Veneto\",\"isPartOf\":{\"@id\":\"https:\/\/www.oriolmorte.com\/ca\/#website\"},\"primaryImageOfPage\":{\"@id\":\"https:\/\/www.oriolmorte.com\/ca\/2013\/12\/27\/tour-fotografic-a-italia-per-lombardia-emilia-romagna-i-veneto\/#primaryimage\"},\"image\":{\"@id\":\"https:\/\/www.oriolmorte.com\/ca\/2013\/12\/27\/tour-fotografic-a-italia-per-lombardia-emilia-romagna-i-veneto\/#primaryimage\"},\"thumbnailUrl\":\"https:\/\/www.oriolmorte.com\/wp-content\/uploads\/2013\/12\/MG_4174-Edit_oriol_morte_featured_blog-scaled.jpg\",\"datePublished\":\"2013-12-27T14:33:42+00:00\",\"dateModified\":\"2019-06-02T16:00:24+00:00\",\"description\":\"Tour fotogr\u00e0fic a It\u00e0lia per Lombardia, Emilia-Romagna i Veneto. Panor\u00e0miques a Piazza del Duomo (Mil\u00e0), Pianura Padana, Casalmaggiore, Riu Po i Verona\",\"breadcrumb\":{\"@id\":\"https:\/\/www.oriolmorte.com\/ca\/2013\/12\/27\/tour-fotografic-a-italia-per-lombardia-emilia-romagna-i-veneto\/#breadcrumb\"},\"inLanguage\":\"ca\",\"potentialAction\":[{\"@type\":\"ReadAction\",\"target\":[\"https:\/\/www.oriolmorte.com\/ca\/2013\/12\/27\/tour-fotografic-a-italia-per-lombardia-emilia-romagna-i-veneto\/\"]}]},{\"@type\":\"ImageObject\",\"inLanguage\":\"ca\",\"@id\":\"https:\/\/www.oriolmorte.com\/ca\/2013\/12\/27\/tour-fotografic-a-italia-per-lombardia-emilia-romagna-i-veneto\/#primaryimage\",\"url\":\"https:\/\/www.oriolmorte.com\/wp-content\/uploads\/2013\/12\/MG_4174-Edit_oriol_morte_featured_blog-scaled.jpg\",\"contentUrl\":\"https:\/\/www.oriolmorte.com\/wp-content\/uploads\/2013\/12\/MG_4174-Edit_oriol_morte_featured_blog-scaled.jpg\",\"width\":2560,\"height\":1707,\"caption\":\"Tour fotogr\u00e0fic a It\u00e0lia per Lombardia, Emilia-Romagna i Veneto\"},{\"@type\":\"BreadcrumbList\",\"@id\":\"https:\/\/www.oriolmorte.com\/ca\/2013\/12\/27\/tour-fotografic-a-italia-per-lombardia-emilia-romagna-i-veneto\/#breadcrumb\",\"itemListElement\":[{\"@type\":\"ListItem\",\"position\":1,\"name\":\"Home\",\"item\":\"https:\/\/www.oriolmorte.com\/ca\/\"},{\"@type\":\"ListItem\",\"position\":2,\"name\":\"Tour fotogr\u00e0fic a It\u00e0lia per Lombardia, Emilia-Romagna i Veneto\"}]},{\"@type\":\"WebSite\",\"@id\":\"https:\/\/www.oriolmorte.com\/ca\/#website\",\"url\":\"https:\/\/www.oriolmorte.com\/ca\/\",\"name\":\"Oriol Morte | Visuals\",\"description\":\"Photography\",\"publisher\":{\"@id\":\"https:\/\/www.oriolmorte.com\/ca\/#\/schema\/person\/c939f3cb1e4f0e0d005eba682aa7f5a3\"},\"potentialAction\":[{\"@type\":\"SearchAction\",\"target\":{\"@type\":\"EntryPoint\",\"urlTemplate\":\"https:\/\/www.oriolmorte.com\/ca\/?s={search_term_string}\"},\"query-input\":{\"@type\":\"PropertyValueSpecification\",\"valueRequired\":true,\"valueName\":\"search_term_string\"}}],\"inLanguage\":\"ca\"},{\"@type\":[\"Person\",\"Organization\"],\"@id\":\"https:\/\/www.oriolmorte.com\/ca\/#\/schema\/person\/c939f3cb1e4f0e0d005eba682aa7f5a3\",\"name\":\"Oriol Morte\",\"image\":{\"@type\":\"ImageObject\",\"inLanguage\":\"ca\",\"@id\":\"https:\/\/www.oriolmorte.com\/ca\/#\/schema\/person\/image\/\",\"url\":\"https:\/\/www.oriolmorte.com\/wp-content\/uploads\/2014\/03\/logo_OM_black_translucent_background.png\",\"contentUrl\":\"https:\/\/www.oriolmorte.com\/wp-content\/uploads\/2014\/03\/logo_OM_black_translucent_background.png\",\"width\":500,\"height\":500,\"caption\":\"Oriol Morte\"},\"logo\":{\"@id\":\"https:\/\/www.oriolmorte.com\/ca\/#\/schema\/person\/image\/\"},\"description\":\"Photographer since 2002\",\"url\":\"https:\/\/www.oriolmorte.com\/ca\/author\/oriolmorte\/\"}]}<\/script>\n<!-- \/ Yoast SEO plugin. -->","yoast_head_json":{"title":"Tour fotogr\u00e0fic a It\u00e0lia per Lombardia, Emilia-Romagna i Veneto","description":"Tour fotogr\u00e0fic a It\u00e0lia per Lombardia, Emilia-Romagna i Veneto. Panor\u00e0miques a Piazza del Duomo (Mil\u00e0), Pianura Padana, Casalmaggiore, Riu Po i Verona","robots":{"index":"index","follow":"follow","max-snippet":"max-snippet:-1","max-image-preview":"max-image-preview:large","max-video-preview":"max-video-preview:-1"},"canonical":"https:\/\/www.oriolmorte.com\/ca\/2013\/12\/27\/tour-fotografic-a-italia-per-lombardia-emilia-romagna-i-veneto\/","og_locale":"ca_ES","og_type":"article","og_title":"Tour fotogr\u00e0fic a It\u00e0lia per Lombardia, Emilia-Romagna i Veneto","og_description":"Tour fotogr\u00e0fic a It\u00e0lia per Lombardia, Emilia-Romagna i Veneto. Panor\u00e0miques a Piazza del Duomo (Mil\u00e0), Pianura Padana, Casalmaggiore, Riu Po i Verona","og_url":"https:\/\/www.oriolmorte.com\/ca\/2013\/12\/27\/tour-fotografic-a-italia-per-lombardia-emilia-romagna-i-veneto\/","og_site_name":"Oriol Morte | Visuals","article_published_time":"2013-12-27T14:33:42+00:00","article_modified_time":"2019-06-02T16:00:24+00:00","og_image":[{"width":2560,"height":1707,"url":"https:\/\/www.oriolmorte.com\/wp-content\/uploads\/2013\/12\/MG_4174-Edit_oriol_morte_featured_blog-scaled.jpg","type":"image\/jpeg"}],"author":"Oriol Morte","twitter_card":"summary_large_image","twitter_creator":"@oriolmorte","twitter_site":"@oriolmorte","twitter_misc":{"Escrit per":"Oriol Morte","Temps estimat de lectura":"3 minuts"},"schema":{"@context":"https:\/\/schema.org","@graph":[{"@type":"Article","@id":"https:\/\/www.oriolmorte.com\/ca\/2013\/12\/27\/tour-fotografic-a-italia-per-lombardia-emilia-romagna-i-veneto\/#article","isPartOf":{"@id":"https:\/\/www.oriolmorte.com\/ca\/2013\/12\/27\/tour-fotografic-a-italia-per-lombardia-emilia-romagna-i-veneto\/"},"author":{"name":"Oriol Morte","@id":"https:\/\/www.oriolmorte.com\/ca\/#\/schema\/person\/c939f3cb1e4f0e0d005eba682aa7f5a3"},"headline":"Tour fotogr\u00e0fic a It\u00e0lia per Lombardia, Emilia-Romagna i Veneto","datePublished":"2013-12-27T14:33:42+00:00","dateModified":"2019-06-02T16:00:24+00:00","mainEntityOfPage":{"@id":"https:\/\/www.oriolmorte.com\/ca\/2013\/12\/27\/tour-fotografic-a-italia-per-lombardia-emilia-romagna-i-veneto\/"},"wordCount":517,"publisher":{"@id":"https:\/\/www.oriolmorte.com\/ca\/#\/schema\/person\/c939f3cb1e4f0e0d005eba682aa7f5a3"},"image":{"@id":"https:\/\/www.oriolmorte.com\/ca\/2013\/12\/27\/tour-fotografic-a-italia-per-lombardia-emilia-romagna-i-veneto\/#primaryimage"},"thumbnailUrl":"https:\/\/www.oriolmorte.com\/wp-content\/uploads\/2013\/12\/MG_4174-Edit_oriol_morte_featured_blog-scaled.jpg","articleSection":["Paisatges","Viatges"],"inLanguage":"ca"},{"@type":"WebPage","@id":"https:\/\/www.oriolmorte.com\/ca\/2013\/12\/27\/tour-fotografic-a-italia-per-lombardia-emilia-romagna-i-veneto\/","url":"https:\/\/www.oriolmorte.com\/ca\/2013\/12\/27\/tour-fotografic-a-italia-per-lombardia-emilia-romagna-i-veneto\/","name":"Tour fotogr\u00e0fic a It\u00e0lia per Lombardia, Emilia-Romagna i Veneto","isPartOf":{"@id":"https:\/\/www.oriolmorte.com\/ca\/#website"},"primaryImageOfPage":{"@id":"https:\/\/www.oriolmorte.com\/ca\/2013\/12\/27\/tour-fotografic-a-italia-per-lombardia-emilia-romagna-i-veneto\/#primaryimage"},"image":{"@id":"https:\/\/www.oriolmorte.com\/ca\/2013\/12\/27\/tour-fotografic-a-italia-per-lombardia-emilia-romagna-i-veneto\/#primaryimage"},"thumbnailUrl":"https:\/\/www.oriolmorte.com\/wp-content\/uploads\/2013\/12\/MG_4174-Edit_oriol_morte_featured_blog-scaled.jpg","datePublished":"2013-12-27T14:33:42+00:00","dateModified":"2019-06-02T16:00:24+00:00","description":"Tour fotogr\u00e0fic a It\u00e0lia per Lombardia, Emilia-Romagna i Veneto. Panor\u00e0miques a Piazza del Duomo (Mil\u00e0), Pianura Padana, Casalmaggiore, Riu Po i Verona","breadcrumb":{"@id":"https:\/\/www.oriolmorte.com\/ca\/2013\/12\/27\/tour-fotografic-a-italia-per-lombardia-emilia-romagna-i-veneto\/#breadcrumb"},"inLanguage":"ca","potentialAction":[{"@type":"ReadAction","target":["https:\/\/www.oriolmorte.com\/ca\/2013\/12\/27\/tour-fotografic-a-italia-per-lombardia-emilia-romagna-i-veneto\/"]}]},{"@type":"ImageObject","inLanguage":"ca","@id":"https:\/\/www.oriolmorte.com\/ca\/2013\/12\/27\/tour-fotografic-a-italia-per-lombardia-emilia-romagna-i-veneto\/#primaryimage","url":"https:\/\/www.oriolmorte.com\/wp-content\/uploads\/2013\/12\/MG_4174-Edit_oriol_morte_featured_blog-scaled.jpg","contentUrl":"https:\/\/www.oriolmorte.com\/wp-content\/uploads\/2013\/12\/MG_4174-Edit_oriol_morte_featured_blog-scaled.jpg","width":2560,"height":1707,"caption":"Tour fotogr\u00e0fic a It\u00e0lia per Lombardia, Emilia-Romagna i Veneto"},{"@type":"BreadcrumbList","@id":"https:\/\/www.oriolmorte.com\/ca\/2013\/12\/27\/tour-fotografic-a-italia-per-lombardia-emilia-romagna-i-veneto\/#breadcrumb","itemListElement":[{"@type":"ListItem","position":1,"name":"Home","item":"https:\/\/www.oriolmorte.com\/ca\/"},{"@type":"ListItem","position":2,"name":"Tour fotogr\u00e0fic a It\u00e0lia per Lombardia, Emilia-Romagna i Veneto"}]},{"@type":"WebSite","@id":"https:\/\/www.oriolmorte.com\/ca\/#website","url":"https:\/\/www.oriolmorte.com\/ca\/","name":"Oriol Morte | Visuals","description":"Photography","publisher":{"@id":"https:\/\/www.oriolmorte.com\/ca\/#\/schema\/person\/c939f3cb1e4f0e0d005eba682aa7f5a3"},"potentialAction":[{"@type":"SearchAction","target":{"@type":"EntryPoint","urlTemplate":"https:\/\/www.oriolmorte.com\/ca\/?s={search_term_string}"},"query-input":{"@type":"PropertyValueSpecification","valueRequired":true,"valueName":"search_term_string"}}],"inLanguage":"ca"},{"@type":["Person","Organization"],"@id":"https:\/\/www.oriolmorte.com\/ca\/#\/schema\/person\/c939f3cb1e4f0e0d005eba682aa7f5a3","name":"Oriol Morte","image":{"@type":"ImageObject","inLanguage":"ca","@id":"https:\/\/www.oriolmorte.com\/ca\/#\/schema\/person\/image\/","url":"https:\/\/www.oriolmorte.com\/wp-content\/uploads\/2014\/03\/logo_OM_black_translucent_background.png","contentUrl":"https:\/\/www.oriolmorte.com\/wp-content\/uploads\/2014\/03\/logo_OM_black_translucent_background.png","width":500,"height":500,"caption":"Oriol Morte"},"logo":{"@id":"https:\/\/www.oriolmorte.com\/ca\/#\/schema\/person\/image\/"},"description":"Photographer since 2002","url":"https:\/\/www.oriolmorte.com\/ca\/author\/oriolmorte\/"}]}},"_links":{"self":[{"href":"https:\/\/www.oriolmorte.com\/ca\/wp-json\/wp\/v2\/posts\/7369"}],"collection":[{"href":"https:\/\/www.oriolmorte.com\/ca\/wp-json\/wp\/v2\/posts"}],"about":[{"href":"https:\/\/www.oriolmorte.com\/ca\/wp-json\/wp\/v2\/types\/post"}],"author":[{"embeddable":true,"href":"https:\/\/www.oriolmorte.com\/ca\/wp-json\/wp\/v2\/users\/4"}],"replies":[{"embeddable":true,"href":"https:\/\/www.oriolmorte.com\/ca\/wp-json\/wp\/v2\/comments?post=7369"}],"version-history":[{"count":4,"href":"https:\/\/www.oriolmorte.com\/ca\/wp-json\/wp\/v2\/posts\/7369\/revisions"}],"predecessor-version":[{"id":43150,"href":"https:\/\/www.oriolmorte.com\/ca\/wp-json\/wp\/v2\/posts\/7369\/revisions\/43150"}],"wp:featuredmedia":[{"embeddable":true,"href":"https:\/\/www.oriolmorte.com\/ca\/wp-json\/wp\/v2\/media\/7373"}],"wp:attachment":[{"href":"https:\/\/www.oriolmorte.com\/ca\/wp-json\/wp\/v2\/media?parent=7369"}],"wp:term":[{"taxonomy":"category","embeddable":true,"href":"https:\/\/www.oriolmorte.com\/ca\/wp-json\/wp\/v2\/categories?post=7369"},{"taxonomy":"post_tag","embeddable":true,"href":"https:\/\/www.oriolmorte.com\/ca\/wp-json\/wp\/v2\/tags?post=7369"}],"curies":[{"name":"wp","href":"https:\/\/api.w.org\/{rel}","templated":true}]}}