{"id":6747,"date":"2010-02-22T00:00:00","date_gmt":"2010-02-21T23:00:00","guid":{"rendered":"http:\/\/www.oriolmorte.com\/?p=6747"},"modified":"2020-06-14T14:02:36","modified_gmt":"2020-06-14T12:02:36","slug":"sessio-de-fotos-irene-espejo-en-interior","status":"publish","type":"post","link":"https:\/\/www.oriolmorte.com\/ca\/2010\/02\/22\/sessio-de-fotos-irene-espejo-en-interior\/","title":{"rendered":"Sessi\u00f3 de fotos Irene Espejo en interior"},"content":{"rendered":"<p style=\"text-align: justify;\">Els retrats \u00e9s una categoria dins de la fotografia amb unes possibilitats infinites. Vam contactar Irene i jo per fer una altra sessi\u00f3 de fotos, amb la bona experi\u00e8ncia de l\u2019anterior sessi\u00f3. En aquest cas la intenci\u00f3 va ser crear un estil de fotos atractiu amb pocs recursos. Realitzem la sessi\u00f3 de fotos en un pis a manera d\u2019estudi per\u00f2 aprofitant el mobiliari i la decoraci\u00f3 pr\u00f2pia sense fer servir cap tipus d\u2019atrezzo. L\u2019estilisme era molt senzill, basant-se en el look d\u2019una noia a casa per\u00f2 amb un punt sensual i femen\u00ed. De el maquillatge es va encarregar la mateixa model Irene Mirall.<\/p>\n<p style=\"text-align: justify;\">La il\u00b7luminaci\u00f3 va ser en la major part de la sessi\u00f3 amb un sol punt de llum, amb una flash ELINCHROM fx400 i una finestra de llum Rotalux de 130x50cm. Per l\u2019estilisme de conjunt b\u00e0sic blanc vaig fer servir tamb\u00e9 un con snoot amb panell d\u2019abella per a usar com contra, donar-li volum a cabells i potenciar els volums sobre el fons fosc. L\u2019equip fotogr\u00e0fic usat va ser una Canon 5D Mark II, amb les dimensions de l\u2019estan\u00e7a, que impedia treballar amb focals molt llargues vaig fer servir les lents 50mm f1,4 i el 70-200 f2,8 L en aquest \u00faltim cas amb dist\u00e0ncies focals generalment curtes.<\/p>\n<p style=\"text-align: center;\"><img fetchpriority=\"high\" decoding=\"async\" class=\"alignnone size-medium wp-image-6211\" src=\"https:\/\/www.oriolmorte.com\/wp-content\/uploads\/2010\/02\/iren_MG_7077_oriol_morte_blog-400x600.jpg\" alt=\"iren_MG_7077_oriol_morte_blog\" width=\"400\" height=\"600\" srcset=\"https:\/\/www.oriolmorte.com\/wp-content\/uploads\/2010\/02\/iren_MG_7077_oriol_morte_blog-400x600.jpg 400w, https:\/\/www.oriolmorte.com\/wp-content\/uploads\/2010\/02\/iren_MG_7077_oriol_morte_blog-600x900.jpg 600w, https:\/\/www.oriolmorte.com\/wp-content\/uploads\/2010\/02\/iren_MG_7077_oriol_morte_blog-470x705.jpg 470w, https:\/\/www.oriolmorte.com\/wp-content\/uploads\/2010\/02\/iren_MG_7077_oriol_morte_blog.jpg 947w\" sizes=\"(max-width: 400px) 100vw, 400px\" \/> <img decoding=\"async\" class=\"alignnone size-medium wp-image-6208\" src=\"https:\/\/www.oriolmorte.com\/wp-content\/uploads\/2010\/02\/iren_MG_7023_oriol_morte_blog-710x365.jpg\" alt=\"iren_MG_7023_oriol_morte_blog\" width=\"710\" height=\"365\" srcset=\"https:\/\/www.oriolmorte.com\/wp-content\/uploads\/2010\/02\/iren_MG_7023_oriol_morte_blog-710x365.jpg 710w, https:\/\/www.oriolmorte.com\/wp-content\/uploads\/2010\/02\/iren_MG_7023_oriol_morte_blog-600x308.jpg 600w, https:\/\/www.oriolmorte.com\/wp-content\/uploads\/2010\/02\/iren_MG_7023_oriol_morte_blog-1030x529.jpg 1030w, https:\/\/www.oriolmorte.com\/wp-content\/uploads\/2010\/02\/iren_MG_7023_oriol_morte_blog-705x362.jpg 705w, https:\/\/www.oriolmorte.com\/wp-content\/uploads\/2010\/02\/iren_MG_7023_oriol_morte_blog.jpg 1420w\" sizes=\"(max-width: 710px) 100vw, 710px\" \/><\/p>\n<p style=\"text-align: center;\"><img decoding=\"async\" class=\"alignnone size-medium wp-image-6217\" src=\"https:\/\/www.oriolmorte.com\/wp-content\/uploads\/2010\/02\/iren_MG_7067_oriol_morte_blog-710x473.jpg\" alt=\"iren_MG_7067_oriol_morte_blog\" width=\"710\" height=\"473\" srcset=\"https:\/\/www.oriolmorte.com\/wp-content\/uploads\/2010\/02\/iren_MG_7067_oriol_morte_blog-710x473.jpg 710w, https:\/\/www.oriolmorte.com\/wp-content\/uploads\/2010\/02\/iren_MG_7067_oriol_morte_blog-600x400.jpg 600w, https:\/\/www.oriolmorte.com\/wp-content\/uploads\/2010\/02\/iren_MG_7067_oriol_morte_blog-899x600.jpg 899w, https:\/\/www.oriolmorte.com\/wp-content\/uploads\/2010\/02\/iren_MG_7067_oriol_morte_blog-705x470.jpg 705w, https:\/\/www.oriolmorte.com\/wp-content\/uploads\/2010\/02\/iren_MG_7067_oriol_morte_blog.jpg 1420w\" sizes=\"(max-width: 710px) 100vw, 710px\" \/><\/p>\n<p style=\"text-align: center;\">\n","protected":false},"excerpt":{"rendered":"<p>Els retrats \u00e9s una categoria dins de la fotografia amb unes possibilitats infinites. Vam contactar Irene i jo per fer una altra sessi\u00f3 de fotos, amb la bona experi\u00e8ncia de l\u2019anterior sessi\u00f3. En aquest cas la intenci\u00f3 va ser crear un estil de fotos atractiu amb pocs recursos. Realitzem la sessi\u00f3 de fotos en un pis a manera d\u2019estudi per\u00f2 aprofitant el mobiliari i la decoraci\u00f3 pr\u00f2pia sense fer servir cap tipus d\u2019atrezzo. L\u2019estilisme era molt senzill, basant-se en el [&hellip;]<\/p>\n","protected":false},"author":4,"featured_media":6214,"comment_status":"open","ping_status":"open","sticky":false,"template":"","format":"standard","meta":{"footnotes":""},"categories":[173],"tags":[],"yoast_head":"<!-- This site is optimized with the Yoast SEO plugin v23.5 - https:\/\/yoast.com\/wordpress\/plugins\/seo\/ -->\n<title>Sessi\u00f3 de fotos Irene Espejo en interior - Oriol Morte | Visuals<\/title>\n<meta name=\"description\" content=\"Sessi\u00f3 de fotos de retrat en interior amb Irene Espejo. Il\u00b7luminaci\u00f3 d&#039;estudi amb flashos i estilisme de llenceria i peces b\u00e0siques\" \/>\n<meta name=\"robots\" content=\"index, follow, max-snippet:-1, max-image-preview:large, max-video-preview:-1\" \/>\n<link rel=\"canonical\" href=\"https:\/\/www.oriolmorte.com\/ca\/2010\/02\/22\/sessio-de-fotos-irene-espejo-en-interior\/\" \/>\n<meta property=\"og:locale\" content=\"ca_ES\" \/>\n<meta property=\"og:type\" content=\"article\" \/>\n<meta property=\"og:title\" content=\"Sessi\u00f3 de fotos Irene Espejo en interior - Oriol Morte | Visuals\" \/>\n<meta property=\"og:description\" content=\"Sessi\u00f3 de fotos de retrat en interior amb Irene Espejo. Il\u00b7luminaci\u00f3 d&#039;estudi amb flashos i estilisme de llenceria i peces b\u00e0siques\" \/>\n<meta property=\"og:url\" content=\"https:\/\/www.oriolmorte.com\/ca\/2010\/02\/22\/sessio-de-fotos-irene-espejo-en-interior\/\" \/>\n<meta property=\"og:site_name\" content=\"Oriol Morte | Visuals\" \/>\n<meta property=\"article:published_time\" content=\"2010-02-21T23:00:00+00:00\" \/>\n<meta property=\"article:modified_time\" content=\"2020-06-14T12:02:36+00:00\" \/>\n<meta property=\"og:image\" content=\"https:\/\/www.oriolmorte.com\/wp-content\/uploads\/2010\/02\/iren_MG_7067_oriol_morte_featured_blog-scaled.jpg\" \/>\n\t<meta property=\"og:image:width\" content=\"2560\" \/>\n\t<meta property=\"og:image:height\" content=\"1707\" \/>\n\t<meta property=\"og:image:type\" content=\"image\/jpeg\" \/>\n<meta name=\"author\" content=\"Oriol Morte\" \/>\n<meta name=\"twitter:card\" content=\"summary_large_image\" \/>\n<meta name=\"twitter:creator\" content=\"@oriolmorte\" \/>\n<meta name=\"twitter:site\" content=\"@oriolmorte\" \/>\n<meta name=\"twitter:label1\" content=\"Escrit per\" \/>\n\t<meta name=\"twitter:data1\" content=\"Oriol Morte\" \/>\n\t<meta name=\"twitter:label2\" content=\"Temps estimat de lectura\" \/>\n\t<meta name=\"twitter:data2\" content=\"1 minut\" \/>\n<script type=\"application\/ld+json\" class=\"yoast-schema-graph\">{\"@context\":\"https:\/\/schema.org\",\"@graph\":[{\"@type\":\"Article\",\"@id\":\"https:\/\/www.oriolmorte.com\/ca\/2010\/02\/22\/sessio-de-fotos-irene-espejo-en-interior\/#article\",\"isPartOf\":{\"@id\":\"https:\/\/www.oriolmorte.com\/ca\/2010\/02\/22\/sessio-de-fotos-irene-espejo-en-interior\/\"},\"author\":{\"name\":\"Oriol Morte\",\"@id\":\"https:\/\/www.oriolmorte.com\/ca\/#\/schema\/person\/c939f3cb1e4f0e0d005eba682aa7f5a3\"},\"headline\":\"Sessi\u00f3 de fotos Irene Espejo en interior\",\"datePublished\":\"2010-02-21T23:00:00+00:00\",\"dateModified\":\"2020-06-14T12:02:36+00:00\",\"mainEntityOfPage\":{\"@id\":\"https:\/\/www.oriolmorte.com\/ca\/2010\/02\/22\/sessio-de-fotos-irene-espejo-en-interior\/\"},\"wordCount\":233,\"commentCount\":0,\"publisher\":{\"@id\":\"https:\/\/www.oriolmorte.com\/ca\/#\/schema\/person\/c939f3cb1e4f0e0d005eba682aa7f5a3\"},\"image\":{\"@id\":\"https:\/\/www.oriolmorte.com\/ca\/2010\/02\/22\/sessio-de-fotos-irene-espejo-en-interior\/#primaryimage\"},\"thumbnailUrl\":\"https:\/\/www.oriolmorte.com\/wp-content\/uploads\/2010\/02\/iren_MG_7067_oriol_morte_featured_blog-scaled.jpg\",\"articleSection\":[\"Retrat\"],\"inLanguage\":\"ca\",\"potentialAction\":[{\"@type\":\"CommentAction\",\"name\":\"Comment\",\"target\":[\"https:\/\/www.oriolmorte.com\/ca\/2010\/02\/22\/sessio-de-fotos-irene-espejo-en-interior\/#respond\"]}]},{\"@type\":\"WebPage\",\"@id\":\"https:\/\/www.oriolmorte.com\/ca\/2010\/02\/22\/sessio-de-fotos-irene-espejo-en-interior\/\",\"url\":\"https:\/\/www.oriolmorte.com\/ca\/2010\/02\/22\/sessio-de-fotos-irene-espejo-en-interior\/\",\"name\":\"Sessi\u00f3 de fotos Irene Espejo en interior - Oriol Morte | Visuals\",\"isPartOf\":{\"@id\":\"https:\/\/www.oriolmorte.com\/ca\/#website\"},\"primaryImageOfPage\":{\"@id\":\"https:\/\/www.oriolmorte.com\/ca\/2010\/02\/22\/sessio-de-fotos-irene-espejo-en-interior\/#primaryimage\"},\"image\":{\"@id\":\"https:\/\/www.oriolmorte.com\/ca\/2010\/02\/22\/sessio-de-fotos-irene-espejo-en-interior\/#primaryimage\"},\"thumbnailUrl\":\"https:\/\/www.oriolmorte.com\/wp-content\/uploads\/2010\/02\/iren_MG_7067_oriol_morte_featured_blog-scaled.jpg\",\"datePublished\":\"2010-02-21T23:00:00+00:00\",\"dateModified\":\"2020-06-14T12:02:36+00:00\",\"description\":\"Sessi\u00f3 de fotos de retrat en interior amb Irene Espejo. Il\u00b7luminaci\u00f3 d'estudi amb flashos i estilisme de llenceria i peces b\u00e0siques\",\"breadcrumb\":{\"@id\":\"https:\/\/www.oriolmorte.com\/ca\/2010\/02\/22\/sessio-de-fotos-irene-espejo-en-interior\/#breadcrumb\"},\"inLanguage\":\"ca\",\"potentialAction\":[{\"@type\":\"ReadAction\",\"target\":[\"https:\/\/www.oriolmorte.com\/ca\/2010\/02\/22\/sessio-de-fotos-irene-espejo-en-interior\/\"]}]},{\"@type\":\"ImageObject\",\"inLanguage\":\"ca\",\"@id\":\"https:\/\/www.oriolmorte.com\/ca\/2010\/02\/22\/sessio-de-fotos-irene-espejo-en-interior\/#primaryimage\",\"url\":\"https:\/\/www.oriolmorte.com\/wp-content\/uploads\/2010\/02\/iren_MG_7067_oriol_morte_featured_blog-scaled.jpg\",\"contentUrl\":\"https:\/\/www.oriolmorte.com\/wp-content\/uploads\/2010\/02\/iren_MG_7067_oriol_morte_featured_blog-scaled.jpg\",\"width\":2560,\"height\":1707},{\"@type\":\"BreadcrumbList\",\"@id\":\"https:\/\/www.oriolmorte.com\/ca\/2010\/02\/22\/sessio-de-fotos-irene-espejo-en-interior\/#breadcrumb\",\"itemListElement\":[{\"@type\":\"ListItem\",\"position\":1,\"name\":\"Home\",\"item\":\"https:\/\/www.oriolmorte.com\/ca\/\"},{\"@type\":\"ListItem\",\"position\":2,\"name\":\"Sessi\u00f3 de fotos Irene Espejo en interior\"}]},{\"@type\":\"WebSite\",\"@id\":\"https:\/\/www.oriolmorte.com\/ca\/#website\",\"url\":\"https:\/\/www.oriolmorte.com\/ca\/\",\"name\":\"Oriol Morte | Visuals\",\"description\":\"Photography\",\"publisher\":{\"@id\":\"https:\/\/www.oriolmorte.com\/ca\/#\/schema\/person\/c939f3cb1e4f0e0d005eba682aa7f5a3\"},\"potentialAction\":[{\"@type\":\"SearchAction\",\"target\":{\"@type\":\"EntryPoint\",\"urlTemplate\":\"https:\/\/www.oriolmorte.com\/ca\/?s={search_term_string}\"},\"query-input\":{\"@type\":\"PropertyValueSpecification\",\"valueRequired\":true,\"valueName\":\"search_term_string\"}}],\"inLanguage\":\"ca\"},{\"@type\":[\"Person\",\"Organization\"],\"@id\":\"https:\/\/www.oriolmorte.com\/ca\/#\/schema\/person\/c939f3cb1e4f0e0d005eba682aa7f5a3\",\"name\":\"Oriol Morte\",\"image\":{\"@type\":\"ImageObject\",\"inLanguage\":\"ca\",\"@id\":\"https:\/\/www.oriolmorte.com\/ca\/#\/schema\/person\/image\/\",\"url\":\"https:\/\/www.oriolmorte.com\/wp-content\/uploads\/2014\/03\/logo_OM_black_translucent_background.png\",\"contentUrl\":\"https:\/\/www.oriolmorte.com\/wp-content\/uploads\/2014\/03\/logo_OM_black_translucent_background.png\",\"width\":500,\"height\":500,\"caption\":\"Oriol Morte\"},\"logo\":{\"@id\":\"https:\/\/www.oriolmorte.com\/ca\/#\/schema\/person\/image\/\"},\"description\":\"Photographer since 2002\",\"url\":\"https:\/\/www.oriolmorte.com\/ca\/author\/oriolmorte\/\"}]}<\/script>\n<!-- \/ Yoast SEO plugin. -->","yoast_head_json":{"title":"Sessi\u00f3 de fotos Irene Espejo en interior - Oriol Morte | Visuals","description":"Sessi\u00f3 de fotos de retrat en interior amb Irene Espejo. Il\u00b7luminaci\u00f3 d'estudi amb flashos i estilisme de llenceria i peces b\u00e0siques","robots":{"index":"index","follow":"follow","max-snippet":"max-snippet:-1","max-image-preview":"max-image-preview:large","max-video-preview":"max-video-preview:-1"},"canonical":"https:\/\/www.oriolmorte.com\/ca\/2010\/02\/22\/sessio-de-fotos-irene-espejo-en-interior\/","og_locale":"ca_ES","og_type":"article","og_title":"Sessi\u00f3 de fotos Irene Espejo en interior - Oriol Morte | Visuals","og_description":"Sessi\u00f3 de fotos de retrat en interior amb Irene Espejo. Il\u00b7luminaci\u00f3 d'estudi amb flashos i estilisme de llenceria i peces b\u00e0siques","og_url":"https:\/\/www.oriolmorte.com\/ca\/2010\/02\/22\/sessio-de-fotos-irene-espejo-en-interior\/","og_site_name":"Oriol Morte | Visuals","article_published_time":"2010-02-21T23:00:00+00:00","article_modified_time":"2020-06-14T12:02:36+00:00","og_image":[{"width":2560,"height":1707,"url":"https:\/\/www.oriolmorte.com\/wp-content\/uploads\/2010\/02\/iren_MG_7067_oriol_morte_featured_blog-scaled.jpg","type":"image\/jpeg"}],"author":"Oriol Morte","twitter_card":"summary_large_image","twitter_creator":"@oriolmorte","twitter_site":"@oriolmorte","twitter_misc":{"Escrit per":"Oriol Morte","Temps estimat de lectura":"1 minut"},"schema":{"@context":"https:\/\/schema.org","@graph":[{"@type":"Article","@id":"https:\/\/www.oriolmorte.com\/ca\/2010\/02\/22\/sessio-de-fotos-irene-espejo-en-interior\/#article","isPartOf":{"@id":"https:\/\/www.oriolmorte.com\/ca\/2010\/02\/22\/sessio-de-fotos-irene-espejo-en-interior\/"},"author":{"name":"Oriol Morte","@id":"https:\/\/www.oriolmorte.com\/ca\/#\/schema\/person\/c939f3cb1e4f0e0d005eba682aa7f5a3"},"headline":"Sessi\u00f3 de fotos Irene Espejo en interior","datePublished":"2010-02-21T23:00:00+00:00","dateModified":"2020-06-14T12:02:36+00:00","mainEntityOfPage":{"@id":"https:\/\/www.oriolmorte.com\/ca\/2010\/02\/22\/sessio-de-fotos-irene-espejo-en-interior\/"},"wordCount":233,"commentCount":0,"publisher":{"@id":"https:\/\/www.oriolmorte.com\/ca\/#\/schema\/person\/c939f3cb1e4f0e0d005eba682aa7f5a3"},"image":{"@id":"https:\/\/www.oriolmorte.com\/ca\/2010\/02\/22\/sessio-de-fotos-irene-espejo-en-interior\/#primaryimage"},"thumbnailUrl":"https:\/\/www.oriolmorte.com\/wp-content\/uploads\/2010\/02\/iren_MG_7067_oriol_morte_featured_blog-scaled.jpg","articleSection":["Retrat"],"inLanguage":"ca","potentialAction":[{"@type":"CommentAction","name":"Comment","target":["https:\/\/www.oriolmorte.com\/ca\/2010\/02\/22\/sessio-de-fotos-irene-espejo-en-interior\/#respond"]}]},{"@type":"WebPage","@id":"https:\/\/www.oriolmorte.com\/ca\/2010\/02\/22\/sessio-de-fotos-irene-espejo-en-interior\/","url":"https:\/\/www.oriolmorte.com\/ca\/2010\/02\/22\/sessio-de-fotos-irene-espejo-en-interior\/","name":"Sessi\u00f3 de fotos Irene Espejo en interior - Oriol Morte | Visuals","isPartOf":{"@id":"https:\/\/www.oriolmorte.com\/ca\/#website"},"primaryImageOfPage":{"@id":"https:\/\/www.oriolmorte.com\/ca\/2010\/02\/22\/sessio-de-fotos-irene-espejo-en-interior\/#primaryimage"},"image":{"@id":"https:\/\/www.oriolmorte.com\/ca\/2010\/02\/22\/sessio-de-fotos-irene-espejo-en-interior\/#primaryimage"},"thumbnailUrl":"https:\/\/www.oriolmorte.com\/wp-content\/uploads\/2010\/02\/iren_MG_7067_oriol_morte_featured_blog-scaled.jpg","datePublished":"2010-02-21T23:00:00+00:00","dateModified":"2020-06-14T12:02:36+00:00","description":"Sessi\u00f3 de fotos de retrat en interior amb Irene Espejo. Il\u00b7luminaci\u00f3 d'estudi amb flashos i estilisme de llenceria i peces b\u00e0siques","breadcrumb":{"@id":"https:\/\/www.oriolmorte.com\/ca\/2010\/02\/22\/sessio-de-fotos-irene-espejo-en-interior\/#breadcrumb"},"inLanguage":"ca","potentialAction":[{"@type":"ReadAction","target":["https:\/\/www.oriolmorte.com\/ca\/2010\/02\/22\/sessio-de-fotos-irene-espejo-en-interior\/"]}]},{"@type":"ImageObject","inLanguage":"ca","@id":"https:\/\/www.oriolmorte.com\/ca\/2010\/02\/22\/sessio-de-fotos-irene-espejo-en-interior\/#primaryimage","url":"https:\/\/www.oriolmorte.com\/wp-content\/uploads\/2010\/02\/iren_MG_7067_oriol_morte_featured_blog-scaled.jpg","contentUrl":"https:\/\/www.oriolmorte.com\/wp-content\/uploads\/2010\/02\/iren_MG_7067_oriol_morte_featured_blog-scaled.jpg","width":2560,"height":1707},{"@type":"BreadcrumbList","@id":"https:\/\/www.oriolmorte.com\/ca\/2010\/02\/22\/sessio-de-fotos-irene-espejo-en-interior\/#breadcrumb","itemListElement":[{"@type":"ListItem","position":1,"name":"Home","item":"https:\/\/www.oriolmorte.com\/ca\/"},{"@type":"ListItem","position":2,"name":"Sessi\u00f3 de fotos Irene Espejo en interior"}]},{"@type":"WebSite","@id":"https:\/\/www.oriolmorte.com\/ca\/#website","url":"https:\/\/www.oriolmorte.com\/ca\/","name":"Oriol Morte | Visuals","description":"Photography","publisher":{"@id":"https:\/\/www.oriolmorte.com\/ca\/#\/schema\/person\/c939f3cb1e4f0e0d005eba682aa7f5a3"},"potentialAction":[{"@type":"SearchAction","target":{"@type":"EntryPoint","urlTemplate":"https:\/\/www.oriolmorte.com\/ca\/?s={search_term_string}"},"query-input":{"@type":"PropertyValueSpecification","valueRequired":true,"valueName":"search_term_string"}}],"inLanguage":"ca"},{"@type":["Person","Organization"],"@id":"https:\/\/www.oriolmorte.com\/ca\/#\/schema\/person\/c939f3cb1e4f0e0d005eba682aa7f5a3","name":"Oriol Morte","image":{"@type":"ImageObject","inLanguage":"ca","@id":"https:\/\/www.oriolmorte.com\/ca\/#\/schema\/person\/image\/","url":"https:\/\/www.oriolmorte.com\/wp-content\/uploads\/2014\/03\/logo_OM_black_translucent_background.png","contentUrl":"https:\/\/www.oriolmorte.com\/wp-content\/uploads\/2014\/03\/logo_OM_black_translucent_background.png","width":500,"height":500,"caption":"Oriol Morte"},"logo":{"@id":"https:\/\/www.oriolmorte.com\/ca\/#\/schema\/person\/image\/"},"description":"Photographer since 2002","url":"https:\/\/www.oriolmorte.com\/ca\/author\/oriolmorte\/"}]}},"_links":{"self":[{"href":"https:\/\/www.oriolmorte.com\/ca\/wp-json\/wp\/v2\/posts\/6747"}],"collection":[{"href":"https:\/\/www.oriolmorte.com\/ca\/wp-json\/wp\/v2\/posts"}],"about":[{"href":"https:\/\/www.oriolmorte.com\/ca\/wp-json\/wp\/v2\/types\/post"}],"author":[{"embeddable":true,"href":"https:\/\/www.oriolmorte.com\/ca\/wp-json\/wp\/v2\/users\/4"}],"replies":[{"embeddable":true,"href":"https:\/\/www.oriolmorte.com\/ca\/wp-json\/wp\/v2\/comments?post=6747"}],"version-history":[{"count":3,"href":"https:\/\/www.oriolmorte.com\/ca\/wp-json\/wp\/v2\/posts\/6747\/revisions"}],"predecessor-version":[{"id":49672,"href":"https:\/\/www.oriolmorte.com\/ca\/wp-json\/wp\/v2\/posts\/6747\/revisions\/49672"}],"wp:featuredmedia":[{"embeddable":true,"href":"https:\/\/www.oriolmorte.com\/ca\/wp-json\/wp\/v2\/media\/6214"}],"wp:attachment":[{"href":"https:\/\/www.oriolmorte.com\/ca\/wp-json\/wp\/v2\/media?parent=6747"}],"wp:term":[{"taxonomy":"category","embeddable":true,"href":"https:\/\/www.oriolmorte.com\/ca\/wp-json\/wp\/v2\/categories?post=6747"},{"taxonomy":"post_tag","embeddable":true,"href":"https:\/\/www.oriolmorte.com\/ca\/wp-json\/wp\/v2\/tags?post=6747"}],"curies":[{"name":"wp","href":"https:\/\/api.w.org\/{rel}","templated":true}]}}