{"id":6157,"date":"2009-12-08T00:38:08","date_gmt":"2009-12-07T23:38:08","guid":{"rendered":"http:\/\/www.oriolmorte.com\/?p=6157"},"modified":"2016-02-04T03:36:39","modified_gmt":"2016-02-04T02:36:39","slug":"sesion-de-fotos-embarazo-en-parque-grande-de-zaragoza","status":"publish","type":"post","link":"https:\/\/www.oriolmorte.com\/ca\/2009\/12\/08\/sesion-de-fotos-embarazo-en-parque-grande-de-zaragoza\/","title":{"rendered":"Sesi\u00f3n de fotos embarazo en Parque grande de Zaragoza"},"content":{"rendered":"<p style=\"text-align: justify;\">En ocasiones te encuentras que gente cercana a ti est\u00e1 viviendo un momento muy especial y como fot\u00f3grafo es una ocasi\u00f3n perfecta para guardar un recuerdo de lo que est\u00e1n viviendo y tener una imagen diferente a lo que es habitual. Es el caso de <a href=\"http:\/\/www.ajpfoto.com\/\" rel=\"external\">Antonio<\/a> y <a href=\"http:\/\/www.senderosdeilusion.com\" rel=\"external\">Eva<\/a> quienes visit\u00e9 en diciembre para fotografiarles en el octavo mes de embarazo de la ni\u00f1a que estaban esperando. Desde hac\u00eda d\u00edas ten\u00eda claro el estilo que buscaba para esas fotos. Un ambiente oto\u00f1al o de invierno, dada la \u00e9poca, que se pod\u00eda conseguir en algun paseo t\u00edpico o un parque, con \u00e1rboles, farolas, hojas\u2026y por otra parte que los padres llevaran un tipo de ropa actuales pero formales, tirando a cl\u00e1sico. Mi idea era conseguir unas fotos bellas para que aguantaran el paso de los a\u00f1os y que cuando Marta sea mayor, la ni\u00f1a que naci\u00f3 un mes despues a esta sesi\u00f3n de fotos, tenga un recuerdo bonito de sus padres a poco de nacer ella. Era importante potenciar el gesto de tocar los dos la barriga de ella y hacer as\u00ed que la atenci\u00f3n recaiga sobre ese punto.<\/p>\n<p style=\"text-align: justify;\">Us\u00e9 para aislar los sujetos del fondo, dos teleobjetivos, un 70-200 y un 300 para centrar la atenci\u00f3n en ellos dos, dejando ver lo justo para situarlos, el entorno con un suave desenfoque. Las fotos est\u00e1n hechas aprovechando la luz natural y gracias tambi\u00e9n a la gran calidad que da la Canon 5D Mark II en estas condiciones con un ruido en las fotos de alta sensibilidad muy bajo.<\/p>\n<p style=\"text-align: justify;\">Enhorabuena a los dos por eso tan especial que les ha ocurrido y que sigan disfrutando de la ni\u00f1a.<\/p>\n<p style=\"text-align: center;\"><img fetchpriority=\"high\" decoding=\"async\" class=\"alignnone size-medium wp-image-6149\" alt=\"_MG_6743_oriol_morte_blog\" src=\"http:\/\/www.oriolmorte.com\/wp-content\/uploads\/2009\/12\/MG_6743_oriol_morte_blog-400x600.jpg\" width=\"400\" height=\"600\" srcset=\"https:\/\/www.oriolmorte.com\/wp-content\/uploads\/2009\/12\/MG_6743_oriol_morte_blog-400x600.jpg 400w, https:\/\/www.oriolmorte.com\/wp-content\/uploads\/2009\/12\/MG_6743_oriol_morte_blog-600x900.jpg 600w, https:\/\/www.oriolmorte.com\/wp-content\/uploads\/2009\/12\/MG_6743_oriol_morte_blog-470x705.jpg 470w, https:\/\/www.oriolmorte.com\/wp-content\/uploads\/2009\/12\/MG_6743_oriol_morte_blog.jpg 947w\" sizes=\"(max-width: 400px) 100vw, 400px\" \/><\/p>\n<p style=\"text-align: justify;\">\n","protected":false},"excerpt":{"rendered":"<p>En ocasiones te encuentras que gente cercana a ti est\u00e1 viviendo un momento muy especial y como fot\u00f3grafo es una ocasi\u00f3n perfecta para guardar un recuerdo de lo que est\u00e1n viviendo y tener una imagen diferente a lo que es habitual. Es el caso de Antonio y Eva quienes visit\u00e9 en diciembre para fotografiarles en el octavo mes de embarazo de la ni\u00f1a que estaban esperando. Desde hac\u00eda d\u00edas ten\u00eda claro el estilo que buscaba para esas fotos. Un ambiente [&hellip;]<\/p>\n","protected":false},"author":4,"featured_media":6148,"comment_status":"closed","ping_status":"open","sticky":false,"template":"","format":"standard","meta":{"footnotes":""},"categories":[173],"tags":[534],"yoast_head":"<!-- This site is optimized with the Yoast SEO plugin v23.5 - https:\/\/yoast.com\/wordpress\/plugins\/seo\/ -->\n<title>Sesi\u00f3n de fotos embarazo en Zaragoza - Oriol Morte | Visuals<\/title>\n<meta name=\"description\" content=\"Es el caso de Antonio y Eva quienes visit\u00e9 en diciembre para fotografiarles en el octavo mes de embarazo de la ni\u00f1a que estaban esperando.\" \/>\n<meta name=\"robots\" content=\"index, follow, max-snippet:-1, max-image-preview:large, max-video-preview:-1\" \/>\n<link rel=\"canonical\" href=\"https:\/\/www.oriolmorte.com\/ca\/2009\/12\/08\/sesion-de-fotos-embarazo-en-parque-grande-de-zaragoza\/\" \/>\n<meta property=\"og:locale\" content=\"ca_ES\" \/>\n<meta property=\"og:type\" content=\"article\" \/>\n<meta property=\"og:title\" content=\"Sesi\u00f3n de fotos embarazo en Zaragoza - Oriol Morte | Visuals\" \/>\n<meta property=\"og:description\" content=\"Es el caso de Antonio y Eva quienes visit\u00e9 en diciembre para fotografiarles en el octavo mes de embarazo de la ni\u00f1a que estaban esperando.\" \/>\n<meta property=\"og:url\" content=\"https:\/\/www.oriolmorte.com\/ca\/2009\/12\/08\/sesion-de-fotos-embarazo-en-parque-grande-de-zaragoza\/\" \/>\n<meta property=\"og:site_name\" content=\"Oriol Morte | Visuals\" \/>\n<meta property=\"article:published_time\" content=\"2009-12-07T23:38:08+00:00\" \/>\n<meta property=\"article:modified_time\" content=\"2016-02-04T02:36:39+00:00\" \/>\n<meta property=\"og:image\" content=\"https:\/\/www.oriolmorte.com\/wp-content\/uploads\/2009\/12\/MG_6743_oriol_morte_featured_blog-scaled.jpg\" \/>\n\t<meta property=\"og:image:width\" content=\"1707\" \/>\n\t<meta property=\"og:image:height\" content=\"2560\" \/>\n\t<meta property=\"og:image:type\" content=\"image\/jpeg\" \/>\n<meta name=\"author\" content=\"Oriol Morte\" \/>\n<meta name=\"twitter:card\" content=\"summary_large_image\" \/>\n<meta name=\"twitter:creator\" content=\"@oriolmorte\" \/>\n<meta name=\"twitter:site\" content=\"@oriolmorte\" \/>\n<meta name=\"twitter:label1\" content=\"Escrit per\" \/>\n\t<meta name=\"twitter:data1\" content=\"Oriol Morte\" \/>\n\t<meta name=\"twitter:label2\" content=\"Temps estimat de lectura\" \/>\n\t<meta name=\"twitter:data2\" content=\"1 minut\" \/>\n<script type=\"application\/ld+json\" class=\"yoast-schema-graph\">{\"@context\":\"https:\/\/schema.org\",\"@graph\":[{\"@type\":\"Article\",\"@id\":\"https:\/\/www.oriolmorte.com\/ca\/2009\/12\/08\/sesion-de-fotos-embarazo-en-parque-grande-de-zaragoza\/#article\",\"isPartOf\":{\"@id\":\"https:\/\/www.oriolmorte.com\/ca\/2009\/12\/08\/sesion-de-fotos-embarazo-en-parque-grande-de-zaragoza\/\"},\"author\":{\"name\":\"Oriol Morte\",\"@id\":\"https:\/\/www.oriolmorte.com\/ca\/#\/schema\/person\/c939f3cb1e4f0e0d005eba682aa7f5a3\"},\"headline\":\"Sesi\u00f3n de fotos embarazo en Parque grande de Zaragoza\",\"datePublished\":\"2009-12-07T23:38:08+00:00\",\"dateModified\":\"2016-02-04T02:36:39+00:00\",\"mainEntityOfPage\":{\"@id\":\"https:\/\/www.oriolmorte.com\/ca\/2009\/12\/08\/sesion-de-fotos-embarazo-en-parque-grande-de-zaragoza\/\"},\"wordCount\":304,\"publisher\":{\"@id\":\"https:\/\/www.oriolmorte.com\/ca\/#\/schema\/person\/c939f3cb1e4f0e0d005eba682aa7f5a3\"},\"image\":{\"@id\":\"https:\/\/www.oriolmorte.com\/ca\/2009\/12\/08\/sesion-de-fotos-embarazo-en-parque-grande-de-zaragoza\/#primaryimage\"},\"thumbnailUrl\":\"https:\/\/www.oriolmorte.com\/wp-content\/uploads\/2009\/12\/MG_6743_oriol_morte_featured_blog-scaled.jpg\",\"keywords\":[\"embar\u00e0s\"],\"articleSection\":[\"Retrat\"],\"inLanguage\":\"ca\"},{\"@type\":\"WebPage\",\"@id\":\"https:\/\/www.oriolmorte.com\/ca\/2009\/12\/08\/sesion-de-fotos-embarazo-en-parque-grande-de-zaragoza\/\",\"url\":\"https:\/\/www.oriolmorte.com\/ca\/2009\/12\/08\/sesion-de-fotos-embarazo-en-parque-grande-de-zaragoza\/\",\"name\":\"Sesi\u00f3n de fotos embarazo en Zaragoza - Oriol Morte | Visuals\",\"isPartOf\":{\"@id\":\"https:\/\/www.oriolmorte.com\/ca\/#website\"},\"primaryImageOfPage\":{\"@id\":\"https:\/\/www.oriolmorte.com\/ca\/2009\/12\/08\/sesion-de-fotos-embarazo-en-parque-grande-de-zaragoza\/#primaryimage\"},\"image\":{\"@id\":\"https:\/\/www.oriolmorte.com\/ca\/2009\/12\/08\/sesion-de-fotos-embarazo-en-parque-grande-de-zaragoza\/#primaryimage\"},\"thumbnailUrl\":\"https:\/\/www.oriolmorte.com\/wp-content\/uploads\/2009\/12\/MG_6743_oriol_morte_featured_blog-scaled.jpg\",\"datePublished\":\"2009-12-07T23:38:08+00:00\",\"dateModified\":\"2016-02-04T02:36:39+00:00\",\"description\":\"Es el caso de Antonio y Eva quienes visit\u00e9 en diciembre para fotografiarles en el octavo mes de embarazo de la ni\u00f1a que estaban esperando.\",\"breadcrumb\":{\"@id\":\"https:\/\/www.oriolmorte.com\/ca\/2009\/12\/08\/sesion-de-fotos-embarazo-en-parque-grande-de-zaragoza\/#breadcrumb\"},\"inLanguage\":\"ca\",\"potentialAction\":[{\"@type\":\"ReadAction\",\"target\":[\"https:\/\/www.oriolmorte.com\/ca\/2009\/12\/08\/sesion-de-fotos-embarazo-en-parque-grande-de-zaragoza\/\"]}]},{\"@type\":\"ImageObject\",\"inLanguage\":\"ca\",\"@id\":\"https:\/\/www.oriolmorte.com\/ca\/2009\/12\/08\/sesion-de-fotos-embarazo-en-parque-grande-de-zaragoza\/#primaryimage\",\"url\":\"https:\/\/www.oriolmorte.com\/wp-content\/uploads\/2009\/12\/MG_6743_oriol_morte_featured_blog-scaled.jpg\",\"contentUrl\":\"https:\/\/www.oriolmorte.com\/wp-content\/uploads\/2009\/12\/MG_6743_oriol_morte_featured_blog-scaled.jpg\",\"width\":1707,\"height\":2560},{\"@type\":\"BreadcrumbList\",\"@id\":\"https:\/\/www.oriolmorte.com\/ca\/2009\/12\/08\/sesion-de-fotos-embarazo-en-parque-grande-de-zaragoza\/#breadcrumb\",\"itemListElement\":[{\"@type\":\"ListItem\",\"position\":1,\"name\":\"Home\",\"item\":\"https:\/\/www.oriolmorte.com\/ca\/\"},{\"@type\":\"ListItem\",\"position\":2,\"name\":\"Sesi\u00f3n de fotos embarazo en Parque grande de Zaragoza\"}]},{\"@type\":\"WebSite\",\"@id\":\"https:\/\/www.oriolmorte.com\/ca\/#website\",\"url\":\"https:\/\/www.oriolmorte.com\/ca\/\",\"name\":\"Oriol Morte | Visuals\",\"description\":\"Photography\",\"publisher\":{\"@id\":\"https:\/\/www.oriolmorte.com\/ca\/#\/schema\/person\/c939f3cb1e4f0e0d005eba682aa7f5a3\"},\"potentialAction\":[{\"@type\":\"SearchAction\",\"target\":{\"@type\":\"EntryPoint\",\"urlTemplate\":\"https:\/\/www.oriolmorte.com\/ca\/?s={search_term_string}\"},\"query-input\":{\"@type\":\"PropertyValueSpecification\",\"valueRequired\":true,\"valueName\":\"search_term_string\"}}],\"inLanguage\":\"ca\"},{\"@type\":[\"Person\",\"Organization\"],\"@id\":\"https:\/\/www.oriolmorte.com\/ca\/#\/schema\/person\/c939f3cb1e4f0e0d005eba682aa7f5a3\",\"name\":\"Oriol Morte\",\"image\":{\"@type\":\"ImageObject\",\"inLanguage\":\"ca\",\"@id\":\"https:\/\/www.oriolmorte.com\/ca\/#\/schema\/person\/image\/\",\"url\":\"https:\/\/www.oriolmorte.com\/wp-content\/uploads\/2014\/03\/logo_OM_black_translucent_background.png\",\"contentUrl\":\"https:\/\/www.oriolmorte.com\/wp-content\/uploads\/2014\/03\/logo_OM_black_translucent_background.png\",\"width\":500,\"height\":500,\"caption\":\"Oriol Morte\"},\"logo\":{\"@id\":\"https:\/\/www.oriolmorte.com\/ca\/#\/schema\/person\/image\/\"},\"description\":\"Photographer since 2002\",\"url\":\"https:\/\/www.oriolmorte.com\/ca\/author\/oriolmorte\/\"}]}<\/script>\n<!-- \/ Yoast SEO plugin. -->","yoast_head_json":{"title":"Sesi\u00f3n de fotos embarazo en Zaragoza - Oriol Morte | Visuals","description":"Es el caso de Antonio y Eva quienes visit\u00e9 en diciembre para fotografiarles en el octavo mes de embarazo de la ni\u00f1a que estaban esperando.","robots":{"index":"index","follow":"follow","max-snippet":"max-snippet:-1","max-image-preview":"max-image-preview:large","max-video-preview":"max-video-preview:-1"},"canonical":"https:\/\/www.oriolmorte.com\/ca\/2009\/12\/08\/sesion-de-fotos-embarazo-en-parque-grande-de-zaragoza\/","og_locale":"ca_ES","og_type":"article","og_title":"Sesi\u00f3n de fotos embarazo en Zaragoza - Oriol Morte | Visuals","og_description":"Es el caso de Antonio y Eva quienes visit\u00e9 en diciembre para fotografiarles en el octavo mes de embarazo de la ni\u00f1a que estaban esperando.","og_url":"https:\/\/www.oriolmorte.com\/ca\/2009\/12\/08\/sesion-de-fotos-embarazo-en-parque-grande-de-zaragoza\/","og_site_name":"Oriol Morte | Visuals","article_published_time":"2009-12-07T23:38:08+00:00","article_modified_time":"2016-02-04T02:36:39+00:00","og_image":[{"width":1707,"height":2560,"url":"https:\/\/www.oriolmorte.com\/wp-content\/uploads\/2009\/12\/MG_6743_oriol_morte_featured_blog-scaled.jpg","type":"image\/jpeg"}],"author":"Oriol Morte","twitter_card":"summary_large_image","twitter_creator":"@oriolmorte","twitter_site":"@oriolmorte","twitter_misc":{"Escrit per":"Oriol Morte","Temps estimat de lectura":"1 minut"},"schema":{"@context":"https:\/\/schema.org","@graph":[{"@type":"Article","@id":"https:\/\/www.oriolmorte.com\/ca\/2009\/12\/08\/sesion-de-fotos-embarazo-en-parque-grande-de-zaragoza\/#article","isPartOf":{"@id":"https:\/\/www.oriolmorte.com\/ca\/2009\/12\/08\/sesion-de-fotos-embarazo-en-parque-grande-de-zaragoza\/"},"author":{"name":"Oriol Morte","@id":"https:\/\/www.oriolmorte.com\/ca\/#\/schema\/person\/c939f3cb1e4f0e0d005eba682aa7f5a3"},"headline":"Sesi\u00f3n de fotos embarazo en Parque grande de Zaragoza","datePublished":"2009-12-07T23:38:08+00:00","dateModified":"2016-02-04T02:36:39+00:00","mainEntityOfPage":{"@id":"https:\/\/www.oriolmorte.com\/ca\/2009\/12\/08\/sesion-de-fotos-embarazo-en-parque-grande-de-zaragoza\/"},"wordCount":304,"publisher":{"@id":"https:\/\/www.oriolmorte.com\/ca\/#\/schema\/person\/c939f3cb1e4f0e0d005eba682aa7f5a3"},"image":{"@id":"https:\/\/www.oriolmorte.com\/ca\/2009\/12\/08\/sesion-de-fotos-embarazo-en-parque-grande-de-zaragoza\/#primaryimage"},"thumbnailUrl":"https:\/\/www.oriolmorte.com\/wp-content\/uploads\/2009\/12\/MG_6743_oriol_morte_featured_blog-scaled.jpg","keywords":["embar\u00e0s"],"articleSection":["Retrat"],"inLanguage":"ca"},{"@type":"WebPage","@id":"https:\/\/www.oriolmorte.com\/ca\/2009\/12\/08\/sesion-de-fotos-embarazo-en-parque-grande-de-zaragoza\/","url":"https:\/\/www.oriolmorte.com\/ca\/2009\/12\/08\/sesion-de-fotos-embarazo-en-parque-grande-de-zaragoza\/","name":"Sesi\u00f3n de fotos embarazo en Zaragoza - Oriol Morte | Visuals","isPartOf":{"@id":"https:\/\/www.oriolmorte.com\/ca\/#website"},"primaryImageOfPage":{"@id":"https:\/\/www.oriolmorte.com\/ca\/2009\/12\/08\/sesion-de-fotos-embarazo-en-parque-grande-de-zaragoza\/#primaryimage"},"image":{"@id":"https:\/\/www.oriolmorte.com\/ca\/2009\/12\/08\/sesion-de-fotos-embarazo-en-parque-grande-de-zaragoza\/#primaryimage"},"thumbnailUrl":"https:\/\/www.oriolmorte.com\/wp-content\/uploads\/2009\/12\/MG_6743_oriol_morte_featured_blog-scaled.jpg","datePublished":"2009-12-07T23:38:08+00:00","dateModified":"2016-02-04T02:36:39+00:00","description":"Es el caso de Antonio y Eva quienes visit\u00e9 en diciembre para fotografiarles en el octavo mes de embarazo de la ni\u00f1a que estaban esperando.","breadcrumb":{"@id":"https:\/\/www.oriolmorte.com\/ca\/2009\/12\/08\/sesion-de-fotos-embarazo-en-parque-grande-de-zaragoza\/#breadcrumb"},"inLanguage":"ca","potentialAction":[{"@type":"ReadAction","target":["https:\/\/www.oriolmorte.com\/ca\/2009\/12\/08\/sesion-de-fotos-embarazo-en-parque-grande-de-zaragoza\/"]}]},{"@type":"ImageObject","inLanguage":"ca","@id":"https:\/\/www.oriolmorte.com\/ca\/2009\/12\/08\/sesion-de-fotos-embarazo-en-parque-grande-de-zaragoza\/#primaryimage","url":"https:\/\/www.oriolmorte.com\/wp-content\/uploads\/2009\/12\/MG_6743_oriol_morte_featured_blog-scaled.jpg","contentUrl":"https:\/\/www.oriolmorte.com\/wp-content\/uploads\/2009\/12\/MG_6743_oriol_morte_featured_blog-scaled.jpg","width":1707,"height":2560},{"@type":"BreadcrumbList","@id":"https:\/\/www.oriolmorte.com\/ca\/2009\/12\/08\/sesion-de-fotos-embarazo-en-parque-grande-de-zaragoza\/#breadcrumb","itemListElement":[{"@type":"ListItem","position":1,"name":"Home","item":"https:\/\/www.oriolmorte.com\/ca\/"},{"@type":"ListItem","position":2,"name":"Sesi\u00f3n de fotos embarazo en Parque grande de Zaragoza"}]},{"@type":"WebSite","@id":"https:\/\/www.oriolmorte.com\/ca\/#website","url":"https:\/\/www.oriolmorte.com\/ca\/","name":"Oriol Morte | Visuals","description":"Photography","publisher":{"@id":"https:\/\/www.oriolmorte.com\/ca\/#\/schema\/person\/c939f3cb1e4f0e0d005eba682aa7f5a3"},"potentialAction":[{"@type":"SearchAction","target":{"@type":"EntryPoint","urlTemplate":"https:\/\/www.oriolmorte.com\/ca\/?s={search_term_string}"},"query-input":{"@type":"PropertyValueSpecification","valueRequired":true,"valueName":"search_term_string"}}],"inLanguage":"ca"},{"@type":["Person","Organization"],"@id":"https:\/\/www.oriolmorte.com\/ca\/#\/schema\/person\/c939f3cb1e4f0e0d005eba682aa7f5a3","name":"Oriol Morte","image":{"@type":"ImageObject","inLanguage":"ca","@id":"https:\/\/www.oriolmorte.com\/ca\/#\/schema\/person\/image\/","url":"https:\/\/www.oriolmorte.com\/wp-content\/uploads\/2014\/03\/logo_OM_black_translucent_background.png","contentUrl":"https:\/\/www.oriolmorte.com\/wp-content\/uploads\/2014\/03\/logo_OM_black_translucent_background.png","width":500,"height":500,"caption":"Oriol Morte"},"logo":{"@id":"https:\/\/www.oriolmorte.com\/ca\/#\/schema\/person\/image\/"},"description":"Photographer since 2002","url":"https:\/\/www.oriolmorte.com\/ca\/author\/oriolmorte\/"}]}},"_links":{"self":[{"href":"https:\/\/www.oriolmorte.com\/ca\/wp-json\/wp\/v2\/posts\/6157"}],"collection":[{"href":"https:\/\/www.oriolmorte.com\/ca\/wp-json\/wp\/v2\/posts"}],"about":[{"href":"https:\/\/www.oriolmorte.com\/ca\/wp-json\/wp\/v2\/types\/post"}],"author":[{"embeddable":true,"href":"https:\/\/www.oriolmorte.com\/ca\/wp-json\/wp\/v2\/users\/4"}],"replies":[{"embeddable":true,"href":"https:\/\/www.oriolmorte.com\/ca\/wp-json\/wp\/v2\/comments?post=6157"}],"version-history":[{"count":1,"href":"https:\/\/www.oriolmorte.com\/ca\/wp-json\/wp\/v2\/posts\/6157\/revisions"}],"predecessor-version":[{"id":6158,"href":"https:\/\/www.oriolmorte.com\/ca\/wp-json\/wp\/v2\/posts\/6157\/revisions\/6158"}],"wp:featuredmedia":[{"embeddable":true,"href":"https:\/\/www.oriolmorte.com\/ca\/wp-json\/wp\/v2\/media\/6148"}],"wp:attachment":[{"href":"https:\/\/www.oriolmorte.com\/ca\/wp-json\/wp\/v2\/media?parent=6157"}],"wp:term":[{"taxonomy":"category","embeddable":true,"href":"https:\/\/www.oriolmorte.com\/ca\/wp-json\/wp\/v2\/categories?post=6157"},{"taxonomy":"post_tag","embeddable":true,"href":"https:\/\/www.oriolmorte.com\/ca\/wp-json\/wp\/v2\/tags?post=6157"}],"curies":[{"name":"wp","href":"https:\/\/api.w.org\/{rel}","templated":true}]}}