{"id":5962,"date":"2020-02-28T01:00:00","date_gmt":"2020-02-28T00:00:00","guid":{"rendered":"http:\/\/www.oriolmorte.com\/?p=5962"},"modified":"2020-06-01T17:53:51","modified_gmt":"2020-06-01T15:53:51","slug":"ruta-fotografica-hivern-pel-nord-de-la-peninsula-iberica","status":"publish","type":"post","link":"https:\/\/www.oriolmorte.com\/ca\/2020\/02\/28\/ruta-fotografica-hivern-pel-nord-de-la-peninsula-iberica\/","title":{"rendered":"Fotografiar a l&#8217;hivern pel Nord de la Pen\u00ednsula Ib\u00e8rica"},"content":{"rendered":"\n<h2 class=\"wp-block-heading\">El Repte de la fotografia a l\u2019hivern<\/h2>\n\n\n\n<p>La climatologia a vegades ens fa regals que els fot\u00f2grafs hem de saber aprofitar com el cas que ens ocupa i poder fotografiar a l\u2019hivern al Nord de la Pen\u00ednsula Ib\u00e8rica. Encara que les condicions siguin adverses paga la pena sortir i veure escenes que rarament podem tornar a veure. <\/p>\n\n\n\n<p>No obstant, \u00e9s necessari adaptar-se a aquestes condicions clim\u00e0tiques per tenir una bona experi\u00e8ncia. Bon cal\u00e7at, bona roba i assegurar que el mitj\u00e0 de transport que utilitzem est\u00e0 preparat pel qu\u00e8 pugui venir. Fer fotografies a l\u2019hivern sovint \u00e9s tot un repte segons a quina zona estiguis. El qu\u00e8 serveix a la resta de l\u2019any, potser no et serveix a l\u2019hivern si hi ha neu, gel o simplement temperatures g\u00e8lides. Si anem en cotxe, no \u00e9s mala idea portar una mica de menjar i beure per si quedem atrapats a una carretera o un cam\u00ed i hem de passar hores dins el cotxe amb la cafeteria m\u00e9s propera a desenes de quil\u00f2metres. Cadenes o algun sistema per sortir de la neu o el fang no \u00e9s un accessori que sobri, i parlo per experi\u00e8ncia!<\/p>\n\n\n\n<h2 class=\"wp-block-heading\">Equip fotogr\u00e0fic per fer fotos a l\u2019hivern<\/h2>\n\n\n\n<p>Si hem de fer fotos a l\u2019hivern \u00e9s convenient utilitzar un equip fotogr\u00e0fic que estigui preparat per les condicions clim\u00e0tiques m\u00e9s severes que ens puguem trobar. Tant el fred com la neu o la pluja poden ser ingredients de les nostres sortides fotogr\u00e0fiques.<br>En aquest viatge vaig fer servir una Canon 1D Mark II i objectius de la s\u00e8rie L de Canon que en els dos casos estan segellats contra aigua i pols i poden treballar en temperatures extremes.<\/p>\n\n\n\n<h2 class=\"wp-block-heading\">Fer fotos a l\u2019hivern a Osca<\/h2>\n\n\n\n<h3 class=\"wp-block-heading\">Castell de Loarre nevat<\/h3>\n\n\n\n<p>Aquest castell rom\u00e0nic constru\u00eft el segle XI i situat prop d\u2019Osca, a l\u2019Arag\u00f3 \u00e9s un fant\u00e0stic exemple de localitzacions que l\u2019hivern sever l\u2019ha convertit en \u00fanica.<\/p>\n\n\n\n<figure class=\"wp-block-image size-large\"><img fetchpriority=\"high\" decoding=\"async\" width=\"1030\" height=\"460\" src=\"https:\/\/www.oriolmorte.com\/wp-content\/uploads\/2020\/06\/oriolmorte_blog_photographing_winter_north_iberian_peninsula-01-1030x460.jpg\" alt=\"Fotografiar Castell de Loarre nevat\" class=\"wp-image-49498\" srcset=\"https:\/\/www.oriolmorte.com\/wp-content\/uploads\/2020\/06\/oriolmorte_blog_photographing_winter_north_iberian_peninsula-01-1030x460.jpg 1030w, https:\/\/www.oriolmorte.com\/wp-content\/uploads\/2020\/06\/oriolmorte_blog_photographing_winter_north_iberian_peninsula-01-710x317.jpg 710w, https:\/\/www.oriolmorte.com\/wp-content\/uploads\/2020\/06\/oriolmorte_blog_photographing_winter_north_iberian_peninsula-01-768x343.jpg 768w, https:\/\/www.oriolmorte.com\/wp-content\/uploads\/2020\/06\/oriolmorte_blog_photographing_winter_north_iberian_peninsula-01-800x357.jpg 800w, https:\/\/www.oriolmorte.com\/wp-content\/uploads\/2020\/06\/oriolmorte_blog_photographing_winter_north_iberian_peninsula-01-600x268.jpg 600w, https:\/\/www.oriolmorte.com\/wp-content\/uploads\/2020\/06\/oriolmorte_blog_photographing_winter_north_iberian_peninsula-01.jpg 1400w\" sizes=\"(max-width: 1030px) 100vw, 1030px\" \/><\/figure>\n\n\n\n<h3 class=\"wp-block-heading\">Mallos de Riglos<\/h3>\n\n\n\n<p>Sovint, els arbres no ens deixen veure el bosc. \u00c9s una bona expressi\u00f3 per explicar que tot i tenir una espectacular formaci\u00f3 muntanyosa com els Mallos de Riglos a davant, si volem fer fotos, podem buscar alternatives per enmarcar aquest indret tan caracter\u00edstic.<\/p>\n\n\n\n<p>Per fer aquesta foto vaig explorar varis camins propers fins que vaig trobar aquest cotxe abandonat que en conjunt amb el dramatisme del cel ennuvolat i neu sobre algunes muntanyes, creaven un escena espectacular per fotografiar.<\/p>\n\n\n\n<figure class=\"wp-block-image size-large\"><img decoding=\"async\" width=\"1030\" height=\"686\" src=\"https:\/\/www.oriolmorte.com\/wp-content\/uploads\/2020\/06\/oriolmorte_blog_photographing_winter_north_iberian_peninsula-04-1030x686.jpg\" alt=\"Fotos a l'hivern a Mallos de Riglos\" class=\"wp-image-49495\" srcset=\"https:\/\/www.oriolmorte.com\/wp-content\/uploads\/2020\/06\/oriolmorte_blog_photographing_winter_north_iberian_peninsula-04-1030x686.jpg 1030w, https:\/\/www.oriolmorte.com\/wp-content\/uploads\/2020\/06\/oriolmorte_blog_photographing_winter_north_iberian_peninsula-04-710x473.jpg 710w, https:\/\/www.oriolmorte.com\/wp-content\/uploads\/2020\/06\/oriolmorte_blog_photographing_winter_north_iberian_peninsula-04-768x512.jpg 768w, https:\/\/www.oriolmorte.com\/wp-content\/uploads\/2020\/06\/oriolmorte_blog_photographing_winter_north_iberian_peninsula-04-800x533.jpg 800w, https:\/\/www.oriolmorte.com\/wp-content\/uploads\/2020\/06\/oriolmorte_blog_photographing_winter_north_iberian_peninsula-04-600x400.jpg 600w, https:\/\/www.oriolmorte.com\/wp-content\/uploads\/2020\/06\/oriolmorte_blog_photographing_winter_north_iberian_peninsula-04.jpg 1400w\" sizes=\"(max-width: 1030px) 100vw, 1030px\" \/><\/figure>\n\n\n\n<h4 class=\"wp-block-heading\">Problemes amb el cotxe a la muntanya<\/h4>\n\n\n\n<p>Quan vas a fotografiar a l\u2019hivern pel Nord de la Pen\u00ednsula Ib\u00e8rica, no sempre tot \u00e9s tan bonic. A vegades sorgeixen contratemps i aquest va ser un dels exemples. Marxant d\u2019aquest lloc despr\u00e9s de fer aquesta foto, vaig quedar bloquejat pel fang amb les rodes del cotxe. Finalment, despr\u00e9s d\u2019una bona estona i no disposar de cap eina per superar aquell entrebanc, vaig aconseguir sortir. En aquesta ocasi\u00f3 vaig utilitzar la t\u00e8cnica del balanceig.<\/p>\n\n\n\n<h4 class=\"wp-block-heading\">Consells per evitar quedar-se bloquejat amb el cotxe a la muntanya al Nord de la Pen\u00ednsula Ib\u00e8rica<\/h4>\n\n\n\n<p>Normalment, quan est\u00e0s clavat amb fang, \u00e9s perqu\u00e8 les rodes del cotxe han entrat a un forat de m\u00e9s o menys llarg\u00e0ria. Enlloc d\u2019accelerar fort per sortir del fang i aix\u00ed erosionar encara m\u00e9s el forat i quedar m\u00e9s enfonsat, el m\u00e8tode consisteix en fer accelerades suaus fins arribar a la part amb m\u00e9s pujada del forat i deixar caure el cotxe enrera fins que es frena per la pujada del forat a darrera. Repetint aquesta acci\u00f3 varies vegades, es crea un efecte balanc\u00ed i cada vegada tindrem m\u00e9s impuls per sortir del forat sense necessitat de revolucionar el motor i enfonsar m\u00e9s el cotxe. Des de fa un parell d\u2019anys porto unes planxes de pl\u00e0stic d\u2019autocaravana per situacions aix\u00ed, que encara no he tingut la necessitat d\u2019utilitzar. Alternativament, les cadenes per la neu tamb\u00e9 poden fer un bon servei en situacions com el fang. per aix\u00f2 \u00e9s bona idea dur-les tot l\u2019any.<\/p>\n\n\n\n<h2 class=\"wp-block-heading\">Fotografiar a l\u2019hivern al Pa\u00eds Vasc<\/h2>\n\n\n\n<h4 class=\"wp-block-heading\">La draga Jaizkibel a Pasajes<\/h4>\n\n\n\n<p>Sense neu per\u00f2 amb el dramatisme del clima advers per fotografiar a l\u2019hivern pel Nord de la Pen\u00ednsula Ib\u00e8rica. La <a rel=\"noreferrer noopener\" href=\"https:\/\/www.hiru.eus\/es\/historia\/draga-jaizkibel\" target=\"_blank\">draga Jaizkibel<\/a> \u00e9s una embarcaci\u00f3 que es va constru\u00efr l\u2019any 1933 a les drassanes Euskalduna de Bilbao i que s\u2019ha declarat un B\u00e9 d\u2019inter\u00e8s cultural per la Junta de Patrimoni del Govern Vasc. <\/p>\n\n\n\n<figure class=\"wp-block-image size-large\"><img decoding=\"async\" width=\"1030\" height=\"686\" src=\"https:\/\/www.oriolmorte.com\/wp-content\/uploads\/2020\/06\/oriolmorte_blog_photographing_winter_north_iberian_peninsula-03-1030x686.jpg\" alt=\"Jaizkibel a l'hivern\" class=\"wp-image-49501\" srcset=\"https:\/\/www.oriolmorte.com\/wp-content\/uploads\/2020\/06\/oriolmorte_blog_photographing_winter_north_iberian_peninsula-03-1030x686.jpg 1030w, https:\/\/www.oriolmorte.com\/wp-content\/uploads\/2020\/06\/oriolmorte_blog_photographing_winter_north_iberian_peninsula-03-710x473.jpg 710w, https:\/\/www.oriolmorte.com\/wp-content\/uploads\/2020\/06\/oriolmorte_blog_photographing_winter_north_iberian_peninsula-03-768x512.jpg 768w, https:\/\/www.oriolmorte.com\/wp-content\/uploads\/2020\/06\/oriolmorte_blog_photographing_winter_north_iberian_peninsula-03-800x533.jpg 800w, https:\/\/www.oriolmorte.com\/wp-content\/uploads\/2020\/06\/oriolmorte_blog_photographing_winter_north_iberian_peninsula-03-600x400.jpg 600w, https:\/\/www.oriolmorte.com\/wp-content\/uploads\/2020\/06\/oriolmorte_blog_photographing_winter_north_iberian_peninsula-03.jpg 1400w\" sizes=\"(max-width: 1030px) 100vw, 1030px\" \/><\/figure>\n\n\n\n<h4 class=\"wp-block-heading\">Illa Santa Clara i Monte Igeldo<\/h4>\n\n\n\n<p>San Sebasti\u00e1n o Donostia \u00e9s una de les ciutats m\u00e9s especials que podem visitar al Nord de la Pen\u00ednsula Ib\u00e8rica. L\u2019hivern ens ofereix un paisatge sovint molt m\u00e9s gris i dram\u00e0tic. \u00c9s el cas d\u2019aquesta fotografia on volia accentuar la massa de n\u00favols que sobrevolava la ciutat i creava aquesta imatge tan espectacular junt amb el Mar Cant\u00e0bric agitat contra l\u2019Illa Santa Clara i el Monte Igeldo.<\/p>\n\n\n\n<p>Un bon amic de San Sebasti\u00e1n em va dir que la gent local no sol caminar prop de la barana del passeig i aquest dia ho vaig entendre. Exactament quan em va caure pr\u00e0cticament una onada per sobre. Afortunadament sense danys a lamentar m\u00e9s que una mica de roba mullada que em vaig poder canviar gr\u00e0cies a haver aparcat a prop. Per aix\u00f2 tant si tenim n\u00favols o estem a prop de l\u2019aigua, la roba i les botes impermeables s\u00f3n un complement molt recomanable. Els guants ultrafins tamb\u00e9 s\u00f3n un bon complement quan el clima \u00e9s fred. Sovint no hi pensem per\u00f2 \u00e9s important mantenir-nos calents quant fem fotos i si cada vegada que hem de tocar la c\u00e0mera \u00e9s un suplici perqu\u00e8 se\u2019ns congela la m\u00e0, deixem de disfrutar d\u2019all\u00f2 que tant ens agrada.<\/p>\n\n\n\n<figure class=\"wp-block-image size-large\"><img loading=\"lazy\" decoding=\"async\" width=\"1030\" height=\"686\" src=\"https:\/\/www.oriolmorte.com\/wp-content\/uploads\/2020\/06\/oriolmorte_blog_photographing_winter_north_iberian_peninsula-02-1030x686.jpg\" alt=\"Fotografiar a l'hivern Illa Santa Clara i Monte Igeldo\" class=\"wp-image-49504\" srcset=\"https:\/\/www.oriolmorte.com\/wp-content\/uploads\/2020\/06\/oriolmorte_blog_photographing_winter_north_iberian_peninsula-02-1030x686.jpg 1030w, https:\/\/www.oriolmorte.com\/wp-content\/uploads\/2020\/06\/oriolmorte_blog_photographing_winter_north_iberian_peninsula-02-710x473.jpg 710w, https:\/\/www.oriolmorte.com\/wp-content\/uploads\/2020\/06\/oriolmorte_blog_photographing_winter_north_iberian_peninsula-02-768x512.jpg 768w, https:\/\/www.oriolmorte.com\/wp-content\/uploads\/2020\/06\/oriolmorte_blog_photographing_winter_north_iberian_peninsula-02-800x533.jpg 800w, https:\/\/www.oriolmorte.com\/wp-content\/uploads\/2020\/06\/oriolmorte_blog_photographing_winter_north_iberian_peninsula-02-600x400.jpg 600w, https:\/\/www.oriolmorte.com\/wp-content\/uploads\/2020\/06\/oriolmorte_blog_photographing_winter_north_iberian_peninsula-02.jpg 1400w\" sizes=\"(max-width: 1030px) 100vw, 1030px\" \/><\/figure>\n\n\n\n<p><\/p>\n","protected":false},"excerpt":{"rendered":"<p>El Repte de la fotografia a l\u2019hivern La climatologia a vegades ens fa regals que els fot\u00f2grafs hem de saber aprofitar com el cas que ens ocupa i poder fotografiar a l\u2019hivern al Nord de la Pen\u00ednsula Ib\u00e8rica. Encara que les condicions siguin adverses paga la pena sortir i veure escenes que rarament podem tornar a veure. No obstant, \u00e9s necessari adaptar-se a aquestes condicions clim\u00e0tiques per tenir una bona experi\u00e8ncia. Bon cal\u00e7at, bona roba i assegurar que el mitj\u00e0 [&hellip;]<\/p>\n","protected":false},"author":4,"featured_media":49498,"comment_status":"closed","ping_status":"open","sticky":false,"template":"","format":"standard","meta":{"footnotes":""},"categories":[174,175],"tags":[],"yoast_head":"<!-- This site is optimized with the Yoast SEO plugin v23.5 - https:\/\/yoast.com\/wordpress\/plugins\/seo\/ -->\n<title>Fotografiar a l&#039;hivern al Nord de la Pen\u00ednsula Ib\u00e8rica - Oriol Morte | Visuals<\/title>\n<meta name=\"description\" content=\"Fotografiar a l&#039;hivern pel Nord de la Pen\u00ednsula Ib\u00e8rica. Alguns consells per fer fotos a l&#039;hivern i fotos de diferents localitzacions a Arag\u00f3 i Pa\u00eds Vasc.\" \/>\n<meta name=\"robots\" content=\"index, follow, max-snippet:-1, max-image-preview:large, max-video-preview:-1\" \/>\n<link rel=\"canonical\" href=\"https:\/\/www.oriolmorte.com\/ca\/2020\/02\/28\/ruta-fotografica-hivern-pel-nord-de-la-peninsula-iberica\/\" \/>\n<meta property=\"og:locale\" content=\"ca_ES\" \/>\n<meta property=\"og:type\" content=\"article\" \/>\n<meta property=\"og:title\" content=\"Fotografiar a l&#039;hivern al Nord de la Pen\u00ednsula Ib\u00e8rica - Oriol Morte | Visuals\" \/>\n<meta property=\"og:description\" content=\"Fotografiar a l&#039;hivern pel Nord de la Pen\u00ednsula Ib\u00e8rica. Alguns consells per fer fotos a l&#039;hivern i fotos de diferents localitzacions a Arag\u00f3 i Pa\u00eds Vasc.\" \/>\n<meta property=\"og:url\" content=\"https:\/\/www.oriolmorte.com\/ca\/2020\/02\/28\/ruta-fotografica-hivern-pel-nord-de-la-peninsula-iberica\/\" \/>\n<meta property=\"og:site_name\" content=\"Oriol Morte | Visuals\" \/>\n<meta property=\"article:published_time\" content=\"2020-02-28T00:00:00+00:00\" \/>\n<meta property=\"article:modified_time\" content=\"2020-06-01T15:53:51+00:00\" \/>\n<meta property=\"og:image\" content=\"https:\/\/www.oriolmorte.com\/wp-content\/uploads\/2020\/06\/oriolmorte_blog_photographing_winter_north_iberian_peninsula-01.jpg\" \/>\n\t<meta property=\"og:image:width\" content=\"1400\" \/>\n\t<meta property=\"og:image:height\" content=\"625\" \/>\n\t<meta property=\"og:image:type\" content=\"image\/jpeg\" \/>\n<meta name=\"author\" content=\"Oriol Morte\" \/>\n<meta name=\"twitter:card\" content=\"summary_large_image\" \/>\n<meta name=\"twitter:creator\" content=\"@oriolmorte\" \/>\n<meta name=\"twitter:site\" content=\"@oriolmorte\" \/>\n<meta name=\"twitter:label1\" content=\"Escrit per\" \/>\n\t<meta name=\"twitter:data1\" content=\"Oriol Morte\" \/>\n\t<meta name=\"twitter:label2\" content=\"Temps estimat de lectura\" \/>\n\t<meta name=\"twitter:data2\" content=\"5 minuts\" \/>\n<script type=\"application\/ld+json\" class=\"yoast-schema-graph\">{\"@context\":\"https:\/\/schema.org\",\"@graph\":[{\"@type\":\"Article\",\"@id\":\"https:\/\/www.oriolmorte.com\/ca\/2020\/02\/28\/ruta-fotografica-hivern-pel-nord-de-la-peninsula-iberica\/#article\",\"isPartOf\":{\"@id\":\"https:\/\/www.oriolmorte.com\/ca\/2020\/02\/28\/ruta-fotografica-hivern-pel-nord-de-la-peninsula-iberica\/\"},\"author\":{\"name\":\"Oriol Morte\",\"@id\":\"https:\/\/www.oriolmorte.com\/ca\/#\/schema\/person\/c939f3cb1e4f0e0d005eba682aa7f5a3\"},\"headline\":\"Fotografiar a l&#8217;hivern pel Nord de la Pen\u00ednsula Ib\u00e8rica\",\"datePublished\":\"2020-02-28T00:00:00+00:00\",\"dateModified\":\"2020-06-01T15:53:51+00:00\",\"mainEntityOfPage\":{\"@id\":\"https:\/\/www.oriolmorte.com\/ca\/2020\/02\/28\/ruta-fotografica-hivern-pel-nord-de-la-peninsula-iberica\/\"},\"wordCount\":1018,\"publisher\":{\"@id\":\"https:\/\/www.oriolmorte.com\/ca\/#\/schema\/person\/c939f3cb1e4f0e0d005eba682aa7f5a3\"},\"image\":{\"@id\":\"https:\/\/www.oriolmorte.com\/ca\/2020\/02\/28\/ruta-fotografica-hivern-pel-nord-de-la-peninsula-iberica\/#primaryimage\"},\"thumbnailUrl\":\"https:\/\/www.oriolmorte.com\/wp-content\/uploads\/2020\/06\/oriolmorte_blog_photographing_winter_north_iberian_peninsula-01.jpg\",\"articleSection\":[\"Paisatges\",\"Viatges\"],\"inLanguage\":\"ca\"},{\"@type\":\"WebPage\",\"@id\":\"https:\/\/www.oriolmorte.com\/ca\/2020\/02\/28\/ruta-fotografica-hivern-pel-nord-de-la-peninsula-iberica\/\",\"url\":\"https:\/\/www.oriolmorte.com\/ca\/2020\/02\/28\/ruta-fotografica-hivern-pel-nord-de-la-peninsula-iberica\/\",\"name\":\"Fotografiar a l'hivern al Nord de la Pen\u00ednsula Ib\u00e8rica - Oriol Morte | Visuals\",\"isPartOf\":{\"@id\":\"https:\/\/www.oriolmorte.com\/ca\/#website\"},\"primaryImageOfPage\":{\"@id\":\"https:\/\/www.oriolmorte.com\/ca\/2020\/02\/28\/ruta-fotografica-hivern-pel-nord-de-la-peninsula-iberica\/#primaryimage\"},\"image\":{\"@id\":\"https:\/\/www.oriolmorte.com\/ca\/2020\/02\/28\/ruta-fotografica-hivern-pel-nord-de-la-peninsula-iberica\/#primaryimage\"},\"thumbnailUrl\":\"https:\/\/www.oriolmorte.com\/wp-content\/uploads\/2020\/06\/oriolmorte_blog_photographing_winter_north_iberian_peninsula-01.jpg\",\"datePublished\":\"2020-02-28T00:00:00+00:00\",\"dateModified\":\"2020-06-01T15:53:51+00:00\",\"description\":\"Fotografiar a l'hivern pel Nord de la Pen\u00ednsula Ib\u00e8rica. Alguns consells per fer fotos a l'hivern i fotos de diferents localitzacions a Arag\u00f3 i Pa\u00eds Vasc.\",\"breadcrumb\":{\"@id\":\"https:\/\/www.oriolmorte.com\/ca\/2020\/02\/28\/ruta-fotografica-hivern-pel-nord-de-la-peninsula-iberica\/#breadcrumb\"},\"inLanguage\":\"ca\",\"potentialAction\":[{\"@type\":\"ReadAction\",\"target\":[\"https:\/\/www.oriolmorte.com\/ca\/2020\/02\/28\/ruta-fotografica-hivern-pel-nord-de-la-peninsula-iberica\/\"]}]},{\"@type\":\"ImageObject\",\"inLanguage\":\"ca\",\"@id\":\"https:\/\/www.oriolmorte.com\/ca\/2020\/02\/28\/ruta-fotografica-hivern-pel-nord-de-la-peninsula-iberica\/#primaryimage\",\"url\":\"https:\/\/www.oriolmorte.com\/wp-content\/uploads\/2020\/06\/oriolmorte_blog_photographing_winter_north_iberian_peninsula-01.jpg\",\"contentUrl\":\"https:\/\/www.oriolmorte.com\/wp-content\/uploads\/2020\/06\/oriolmorte_blog_photographing_winter_north_iberian_peninsula-01.jpg\",\"width\":1400,\"height\":625,\"caption\":\"Fotografiar Castell de Loarre nevat\"},{\"@type\":\"BreadcrumbList\",\"@id\":\"https:\/\/www.oriolmorte.com\/ca\/2020\/02\/28\/ruta-fotografica-hivern-pel-nord-de-la-peninsula-iberica\/#breadcrumb\",\"itemListElement\":[{\"@type\":\"ListItem\",\"position\":1,\"name\":\"Home\",\"item\":\"https:\/\/www.oriolmorte.com\/ca\/\"},{\"@type\":\"ListItem\",\"position\":2,\"name\":\"Fotografiar a l&#8217;hivern pel Nord de la Pen\u00ednsula Ib\u00e8rica\"}]},{\"@type\":\"WebSite\",\"@id\":\"https:\/\/www.oriolmorte.com\/ca\/#website\",\"url\":\"https:\/\/www.oriolmorte.com\/ca\/\",\"name\":\"Oriol Morte | Visuals\",\"description\":\"Photography\",\"publisher\":{\"@id\":\"https:\/\/www.oriolmorte.com\/ca\/#\/schema\/person\/c939f3cb1e4f0e0d005eba682aa7f5a3\"},\"potentialAction\":[{\"@type\":\"SearchAction\",\"target\":{\"@type\":\"EntryPoint\",\"urlTemplate\":\"https:\/\/www.oriolmorte.com\/ca\/?s={search_term_string}\"},\"query-input\":{\"@type\":\"PropertyValueSpecification\",\"valueRequired\":true,\"valueName\":\"search_term_string\"}}],\"inLanguage\":\"ca\"},{\"@type\":[\"Person\",\"Organization\"],\"@id\":\"https:\/\/www.oriolmorte.com\/ca\/#\/schema\/person\/c939f3cb1e4f0e0d005eba682aa7f5a3\",\"name\":\"Oriol Morte\",\"image\":{\"@type\":\"ImageObject\",\"inLanguage\":\"ca\",\"@id\":\"https:\/\/www.oriolmorte.com\/ca\/#\/schema\/person\/image\/\",\"url\":\"https:\/\/www.oriolmorte.com\/wp-content\/uploads\/2014\/03\/logo_OM_black_translucent_background.png\",\"contentUrl\":\"https:\/\/www.oriolmorte.com\/wp-content\/uploads\/2014\/03\/logo_OM_black_translucent_background.png\",\"width\":500,\"height\":500,\"caption\":\"Oriol Morte\"},\"logo\":{\"@id\":\"https:\/\/www.oriolmorte.com\/ca\/#\/schema\/person\/image\/\"},\"description\":\"Photographer since 2002\",\"url\":\"https:\/\/www.oriolmorte.com\/ca\/author\/oriolmorte\/\"}]}<\/script>\n<!-- \/ Yoast SEO plugin. -->","yoast_head_json":{"title":"Fotografiar a l'hivern al Nord de la Pen\u00ednsula Ib\u00e8rica - Oriol Morte | Visuals","description":"Fotografiar a l'hivern pel Nord de la Pen\u00ednsula Ib\u00e8rica. Alguns consells per fer fotos a l'hivern i fotos de diferents localitzacions a Arag\u00f3 i Pa\u00eds Vasc.","robots":{"index":"index","follow":"follow","max-snippet":"max-snippet:-1","max-image-preview":"max-image-preview:large","max-video-preview":"max-video-preview:-1"},"canonical":"https:\/\/www.oriolmorte.com\/ca\/2020\/02\/28\/ruta-fotografica-hivern-pel-nord-de-la-peninsula-iberica\/","og_locale":"ca_ES","og_type":"article","og_title":"Fotografiar a l'hivern al Nord de la Pen\u00ednsula Ib\u00e8rica - Oriol Morte | Visuals","og_description":"Fotografiar a l'hivern pel Nord de la Pen\u00ednsula Ib\u00e8rica. Alguns consells per fer fotos a l'hivern i fotos de diferents localitzacions a Arag\u00f3 i Pa\u00eds Vasc.","og_url":"https:\/\/www.oriolmorte.com\/ca\/2020\/02\/28\/ruta-fotografica-hivern-pel-nord-de-la-peninsula-iberica\/","og_site_name":"Oriol Morte | Visuals","article_published_time":"2020-02-28T00:00:00+00:00","article_modified_time":"2020-06-01T15:53:51+00:00","og_image":[{"width":1400,"height":625,"url":"https:\/\/www.oriolmorte.com\/wp-content\/uploads\/2020\/06\/oriolmorte_blog_photographing_winter_north_iberian_peninsula-01.jpg","type":"image\/jpeg"}],"author":"Oriol Morte","twitter_card":"summary_large_image","twitter_creator":"@oriolmorte","twitter_site":"@oriolmorte","twitter_misc":{"Escrit per":"Oriol Morte","Temps estimat de lectura":"5 minuts"},"schema":{"@context":"https:\/\/schema.org","@graph":[{"@type":"Article","@id":"https:\/\/www.oriolmorte.com\/ca\/2020\/02\/28\/ruta-fotografica-hivern-pel-nord-de-la-peninsula-iberica\/#article","isPartOf":{"@id":"https:\/\/www.oriolmorte.com\/ca\/2020\/02\/28\/ruta-fotografica-hivern-pel-nord-de-la-peninsula-iberica\/"},"author":{"name":"Oriol Morte","@id":"https:\/\/www.oriolmorte.com\/ca\/#\/schema\/person\/c939f3cb1e4f0e0d005eba682aa7f5a3"},"headline":"Fotografiar a l&#8217;hivern pel Nord de la Pen\u00ednsula Ib\u00e8rica","datePublished":"2020-02-28T00:00:00+00:00","dateModified":"2020-06-01T15:53:51+00:00","mainEntityOfPage":{"@id":"https:\/\/www.oriolmorte.com\/ca\/2020\/02\/28\/ruta-fotografica-hivern-pel-nord-de-la-peninsula-iberica\/"},"wordCount":1018,"publisher":{"@id":"https:\/\/www.oriolmorte.com\/ca\/#\/schema\/person\/c939f3cb1e4f0e0d005eba682aa7f5a3"},"image":{"@id":"https:\/\/www.oriolmorte.com\/ca\/2020\/02\/28\/ruta-fotografica-hivern-pel-nord-de-la-peninsula-iberica\/#primaryimage"},"thumbnailUrl":"https:\/\/www.oriolmorte.com\/wp-content\/uploads\/2020\/06\/oriolmorte_blog_photographing_winter_north_iberian_peninsula-01.jpg","articleSection":["Paisatges","Viatges"],"inLanguage":"ca"},{"@type":"WebPage","@id":"https:\/\/www.oriolmorte.com\/ca\/2020\/02\/28\/ruta-fotografica-hivern-pel-nord-de-la-peninsula-iberica\/","url":"https:\/\/www.oriolmorte.com\/ca\/2020\/02\/28\/ruta-fotografica-hivern-pel-nord-de-la-peninsula-iberica\/","name":"Fotografiar a l'hivern al Nord de la Pen\u00ednsula Ib\u00e8rica - Oriol Morte | Visuals","isPartOf":{"@id":"https:\/\/www.oriolmorte.com\/ca\/#website"},"primaryImageOfPage":{"@id":"https:\/\/www.oriolmorte.com\/ca\/2020\/02\/28\/ruta-fotografica-hivern-pel-nord-de-la-peninsula-iberica\/#primaryimage"},"image":{"@id":"https:\/\/www.oriolmorte.com\/ca\/2020\/02\/28\/ruta-fotografica-hivern-pel-nord-de-la-peninsula-iberica\/#primaryimage"},"thumbnailUrl":"https:\/\/www.oriolmorte.com\/wp-content\/uploads\/2020\/06\/oriolmorte_blog_photographing_winter_north_iberian_peninsula-01.jpg","datePublished":"2020-02-28T00:00:00+00:00","dateModified":"2020-06-01T15:53:51+00:00","description":"Fotografiar a l'hivern pel Nord de la Pen\u00ednsula Ib\u00e8rica. Alguns consells per fer fotos a l'hivern i fotos de diferents localitzacions a Arag\u00f3 i Pa\u00eds Vasc.","breadcrumb":{"@id":"https:\/\/www.oriolmorte.com\/ca\/2020\/02\/28\/ruta-fotografica-hivern-pel-nord-de-la-peninsula-iberica\/#breadcrumb"},"inLanguage":"ca","potentialAction":[{"@type":"ReadAction","target":["https:\/\/www.oriolmorte.com\/ca\/2020\/02\/28\/ruta-fotografica-hivern-pel-nord-de-la-peninsula-iberica\/"]}]},{"@type":"ImageObject","inLanguage":"ca","@id":"https:\/\/www.oriolmorte.com\/ca\/2020\/02\/28\/ruta-fotografica-hivern-pel-nord-de-la-peninsula-iberica\/#primaryimage","url":"https:\/\/www.oriolmorte.com\/wp-content\/uploads\/2020\/06\/oriolmorte_blog_photographing_winter_north_iberian_peninsula-01.jpg","contentUrl":"https:\/\/www.oriolmorte.com\/wp-content\/uploads\/2020\/06\/oriolmorte_blog_photographing_winter_north_iberian_peninsula-01.jpg","width":1400,"height":625,"caption":"Fotografiar Castell de Loarre nevat"},{"@type":"BreadcrumbList","@id":"https:\/\/www.oriolmorte.com\/ca\/2020\/02\/28\/ruta-fotografica-hivern-pel-nord-de-la-peninsula-iberica\/#breadcrumb","itemListElement":[{"@type":"ListItem","position":1,"name":"Home","item":"https:\/\/www.oriolmorte.com\/ca\/"},{"@type":"ListItem","position":2,"name":"Fotografiar a l&#8217;hivern pel Nord de la Pen\u00ednsula Ib\u00e8rica"}]},{"@type":"WebSite","@id":"https:\/\/www.oriolmorte.com\/ca\/#website","url":"https:\/\/www.oriolmorte.com\/ca\/","name":"Oriol Morte | Visuals","description":"Photography","publisher":{"@id":"https:\/\/www.oriolmorte.com\/ca\/#\/schema\/person\/c939f3cb1e4f0e0d005eba682aa7f5a3"},"potentialAction":[{"@type":"SearchAction","target":{"@type":"EntryPoint","urlTemplate":"https:\/\/www.oriolmorte.com\/ca\/?s={search_term_string}"},"query-input":{"@type":"PropertyValueSpecification","valueRequired":true,"valueName":"search_term_string"}}],"inLanguage":"ca"},{"@type":["Person","Organization"],"@id":"https:\/\/www.oriolmorte.com\/ca\/#\/schema\/person\/c939f3cb1e4f0e0d005eba682aa7f5a3","name":"Oriol Morte","image":{"@type":"ImageObject","inLanguage":"ca","@id":"https:\/\/www.oriolmorte.com\/ca\/#\/schema\/person\/image\/","url":"https:\/\/www.oriolmorte.com\/wp-content\/uploads\/2014\/03\/logo_OM_black_translucent_background.png","contentUrl":"https:\/\/www.oriolmorte.com\/wp-content\/uploads\/2014\/03\/logo_OM_black_translucent_background.png","width":500,"height":500,"caption":"Oriol Morte"},"logo":{"@id":"https:\/\/www.oriolmorte.com\/ca\/#\/schema\/person\/image\/"},"description":"Photographer since 2002","url":"https:\/\/www.oriolmorte.com\/ca\/author\/oriolmorte\/"}]}},"_links":{"self":[{"href":"https:\/\/www.oriolmorte.com\/ca\/wp-json\/wp\/v2\/posts\/5962"}],"collection":[{"href":"https:\/\/www.oriolmorte.com\/ca\/wp-json\/wp\/v2\/posts"}],"about":[{"href":"https:\/\/www.oriolmorte.com\/ca\/wp-json\/wp\/v2\/types\/post"}],"author":[{"embeddable":true,"href":"https:\/\/www.oriolmorte.com\/ca\/wp-json\/wp\/v2\/users\/4"}],"replies":[{"embeddable":true,"href":"https:\/\/www.oriolmorte.com\/ca\/wp-json\/wp\/v2\/comments?post=5962"}],"version-history":[{"count":15,"href":"https:\/\/www.oriolmorte.com\/ca\/wp-json\/wp\/v2\/posts\/5962\/revisions"}],"predecessor-version":[{"id":49519,"href":"https:\/\/www.oriolmorte.com\/ca\/wp-json\/wp\/v2\/posts\/5962\/revisions\/49519"}],"wp:featuredmedia":[{"embeddable":true,"href":"https:\/\/www.oriolmorte.com\/ca\/wp-json\/wp\/v2\/media\/49498"}],"wp:attachment":[{"href":"https:\/\/www.oriolmorte.com\/ca\/wp-json\/wp\/v2\/media?parent=5962"}],"wp:term":[{"taxonomy":"category","embeddable":true,"href":"https:\/\/www.oriolmorte.com\/ca\/wp-json\/wp\/v2\/categories?post=5962"},{"taxonomy":"post_tag","embeddable":true,"href":"https:\/\/www.oriolmorte.com\/ca\/wp-json\/wp\/v2\/tags?post=5962"}],"curies":[{"name":"wp","href":"https:\/\/api.w.org\/{rel}","templated":true}]}}