{"id":4686,"date":"2013-01-17T17:49:39","date_gmt":"2013-01-17T16:49:39","guid":{"rendered":"http:\/\/www.oriolmorte.com\/?p=4686"},"modified":"2020-06-20T14:55:44","modified_gmt":"2020-06-20T12:55:44","slug":"sessio-fotos-mireia","status":"publish","type":"post","link":"https:\/\/www.oriolmorte.com\/ca\/2013\/01\/17\/sessio-fotos-mireia\/","title":{"rendered":"Sessi\u00f3 de fotos amb la Mireia"},"content":{"rendered":"<p>Ens remuntem a gaireb\u00e9 un any enrere, en aquest ja cada vegada m\u00e9s lluny\u00e0 2012 quan va tenir lloc la sessi\u00f3 de fotos amb la Mireia. El planing de sessi\u00f3 i estilisme era essencialment molt similar a qu\u00e8 vaig realitzar amb l\u2019<a href=\"https:\/\/www.oriolmorte.com\/ca\/2012\/02\/24\/sessio-de-fotos-andrea-ruiz-en-estudi\/\">Andrea Ruiz<\/a>, com a part del meu projecte personal per portfolio, amb alguns matisos i adaptacions per encaixar perfectament amb l\u2019estil i caracter\u00edstiques de la Mireia. Vull agra\u00efr per endavant abans d\u2019entrar en m\u00e9s detalls de la sessi\u00f3, l\u2019esfor\u00e7 i dedicaci\u00f3 per part de la model Mireia i tamb\u00e9 de l\u2019<a href=\"http:\/\/annamundet.com\">Anna Mundet, la maquilladora i perruquera<\/a> que ho van donar tot perqu\u00e8 sort\u00eds una feina perfecte.<\/p>\n<p>Tota la sessi\u00f3 es desenvolupava dins d\u2019un pis amb vistes a la ciutat de Barcelona per treure partit en algunes preses d\u2019aquesta luxosa panor\u00e0mica. La il\u00b7luminaci\u00f3 utilitzada en la sessi\u00f3 van ser 1 o 2 finestres de llum de mida mitjana\/gran Elinchrom i algun punt de llum en algunes ocasions tipus cono snoot amb panell d\u2019abella per fer un contrallum i perfilar el volum de els cabells o de la silueta. Totes les fotografies van ser realitzades amb una Canon 5D Mark II i amb l\u2019\u00f2ptica 70-200 2.8L.<\/p>\n<p>Es va desenvolupar tota la sessi\u00f3 en tres fases acords amb el maquillatge i pentinat. La primera part consistia en un estilisme amb roba interior i maquillatge nude, la segona part amb estilisme glamour elegant de carrer i maquillatge social\/de nit, donant lloc finalment a un maquillatge de nit m\u00e9s marcat amb un smoke i estilisme rock \/ elegant.<\/p>\n<p>T\u00e8cnicament la part m\u00e9s complicada era la que combinava la foto amb els flaixos d\u2019estudi i el fons amb llums de la ciutat, per donar-li el balan\u00e7 correcte i no tenir esteles \u201cfantasmes\u201d a la silueta de la model. En tota la sessi\u00f3 es va buscar potenciar la suavitat de les textures i de la pell, donant-li si \u00e9s possible una sensaci\u00f3 m\u00e9s dol\u00e7a a la model.<\/p>\n<p>Resulta sempre dif\u00edcil fer una selecci\u00f3 i quedar-se amb les millors fotografies de la sessi\u00f3, triant entre prop de 500 fotos.<\/p>\n<p style=\"text-align: center;\"><img fetchpriority=\"high\" decoding=\"async\" class=\"alignnone size-medium wp-image-6607\" src=\"http:\/\/www.oriolmorte.com\/wp-content\/uploads\/2013\/01\/MG_8283-Edit_oriol_morte_blog1-400x600.jpg\" alt=\"_MG_8283-Edit_oriol_morte_blog\" width=\"400\" height=\"600\" srcset=\"https:\/\/www.oriolmorte.com\/wp-content\/uploads\/2013\/01\/MG_8283-Edit_oriol_morte_blog1-400x600.jpg 400w, https:\/\/www.oriolmorte.com\/wp-content\/uploads\/2013\/01\/MG_8283-Edit_oriol_morte_blog1-470x705.jpg 470w, https:\/\/www.oriolmorte.com\/wp-content\/uploads\/2013\/01\/MG_8283-Edit_oriol_morte_blog1-450x674.jpg 450w, https:\/\/www.oriolmorte.com\/wp-content\/uploads\/2013\/01\/MG_8283-Edit_oriol_morte_blog1.jpg 947w\" sizes=\"(max-width: 400px) 100vw, 400px\" \/> <img decoding=\"async\" class=\"alignnone size-medium wp-image-6610\" src=\"http:\/\/www.oriolmorte.com\/wp-content\/uploads\/2013\/01\/MG_8306-Edit_oriol_morte_blog1-400x600.jpg\" alt=\"_MG_8306-Edit_oriol_morte_blog\" width=\"400\" height=\"600\" srcset=\"https:\/\/www.oriolmorte.com\/wp-content\/uploads\/2013\/01\/MG_8306-Edit_oriol_morte_blog1-400x600.jpg 400w, https:\/\/www.oriolmorte.com\/wp-content\/uploads\/2013\/01\/MG_8306-Edit_oriol_morte_blog1-470x705.jpg 470w, https:\/\/www.oriolmorte.com\/wp-content\/uploads\/2013\/01\/MG_8306-Edit_oriol_morte_blog1-450x674.jpg 450w, https:\/\/www.oriolmorte.com\/wp-content\/uploads\/2013\/01\/MG_8306-Edit_oriol_morte_blog1.jpg 947w\" sizes=\"(max-width: 400px) 100vw, 400px\" \/> <img decoding=\"async\" class=\"alignnone size-medium wp-image-6628\" src=\"https:\/\/www.oriolmorte.com\/wp-content\/uploads\/2013\/01\/MG_8706-Edit_oriol_morte_blog-400x600.jpg\" alt=\"_MG_8706-Edit_oriol_morte_blog\" width=\"400\" height=\"600\" srcset=\"https:\/\/www.oriolmorte.com\/wp-content\/uploads\/2013\/01\/MG_8706-Edit_oriol_morte_blog-400x600.jpg 400w, https:\/\/www.oriolmorte.com\/wp-content\/uploads\/2013\/01\/MG_8706-Edit_oriol_morte_blog-600x900.jpg 600w, https:\/\/www.oriolmorte.com\/wp-content\/uploads\/2013\/01\/MG_8706-Edit_oriol_morte_blog-470x705.jpg 470w, https:\/\/www.oriolmorte.com\/wp-content\/uploads\/2013\/01\/MG_8706-Edit_oriol_morte_blog.jpg 947w\" sizes=\"(max-width: 400px) 100vw, 400px\" \/> <img loading=\"lazy\" decoding=\"async\" class=\"alignnone size-medium wp-image-6625\" src=\"http:\/\/www.oriolmorte.com\/wp-content\/uploads\/2013\/01\/MG_8623-Edit_oriol_morte_blog1-400x600.jpg\" alt=\"_MG_8623-Edit_oriol_morte_blog\" width=\"400\" height=\"600\" srcset=\"https:\/\/www.oriolmorte.com\/wp-content\/uploads\/2013\/01\/MG_8623-Edit_oriol_morte_blog1-400x600.jpg 400w, https:\/\/www.oriolmorte.com\/wp-content\/uploads\/2013\/01\/MG_8623-Edit_oriol_morte_blog1-470x705.jpg 470w, https:\/\/www.oriolmorte.com\/wp-content\/uploads\/2013\/01\/MG_8623-Edit_oriol_morte_blog1-450x674.jpg 450w, https:\/\/www.oriolmorte.com\/wp-content\/uploads\/2013\/01\/MG_8623-Edit_oriol_morte_blog1.jpg 947w\" sizes=\"(max-width: 400px) 100vw, 400px\" \/> \u00a0<img loading=\"lazy\" decoding=\"async\" class=\"alignnone size-medium wp-image-6619\" src=\"http:\/\/www.oriolmorte.com\/wp-content\/uploads\/2013\/01\/MG_8588-Edit_oriol_morte_blog1-400x600.jpg\" alt=\"_MG_8588-Edit_oriol_morte_blog\" width=\"400\" height=\"600\" srcset=\"https:\/\/www.oriolmorte.com\/wp-content\/uploads\/2013\/01\/MG_8588-Edit_oriol_morte_blog1-400x600.jpg 400w, https:\/\/www.oriolmorte.com\/wp-content\/uploads\/2013\/01\/MG_8588-Edit_oriol_morte_blog1-470x705.jpg 470w, https:\/\/www.oriolmorte.com\/wp-content\/uploads\/2013\/01\/MG_8588-Edit_oriol_morte_blog1-450x674.jpg 450w, https:\/\/www.oriolmorte.com\/wp-content\/uploads\/2013\/01\/MG_8588-Edit_oriol_morte_blog1.jpg 947w\" sizes=\"(max-width: 400px) 100vw, 400px\" \/> <img loading=\"lazy\" decoding=\"async\" class=\"alignnone size-medium wp-image-6616\" src=\"http:\/\/www.oriolmorte.com\/wp-content\/uploads\/2013\/01\/MG_8556-Edit_oriol_morte_blog1-400x600.jpg\" alt=\"_MG_8556-Edit_oriol_morte_blog\" width=\"400\" height=\"600\" srcset=\"https:\/\/www.oriolmorte.com\/wp-content\/uploads\/2013\/01\/MG_8556-Edit_oriol_morte_blog1-400x600.jpg 400w, https:\/\/www.oriolmorte.com\/wp-content\/uploads\/2013\/01\/MG_8556-Edit_oriol_morte_blog1-470x705.jpg 470w, https:\/\/www.oriolmorte.com\/wp-content\/uploads\/2013\/01\/MG_8556-Edit_oriol_morte_blog1-450x674.jpg 450w, https:\/\/www.oriolmorte.com\/wp-content\/uploads\/2013\/01\/MG_8556-Edit_oriol_morte_blog1.jpg 947w\" sizes=\"(max-width: 400px) 100vw, 400px\" \/> <img loading=\"lazy\" decoding=\"async\" class=\"alignnone size-medium wp-image-6613\" src=\"http:\/\/www.oriolmorte.com\/wp-content\/uploads\/2013\/01\/MG_8525-Edit_oriol_morte_blog1-400x600.jpg\" alt=\"_MG_8525-Edit_oriol_morte_blog\" width=\"400\" height=\"600\" srcset=\"https:\/\/www.oriolmorte.com\/wp-content\/uploads\/2013\/01\/MG_8525-Edit_oriol_morte_blog1-400x600.jpg 400w, https:\/\/www.oriolmorte.com\/wp-content\/uploads\/2013\/01\/MG_8525-Edit_oriol_morte_blog1-470x705.jpg 470w, https:\/\/www.oriolmorte.com\/wp-content\/uploads\/2013\/01\/MG_8525-Edit_oriol_morte_blog1-450x674.jpg 450w, https:\/\/www.oriolmorte.com\/wp-content\/uploads\/2013\/01\/MG_8525-Edit_oriol_morte_blog1.jpg 947w\" sizes=\"(max-width: 400px) 100vw, 400px\" \/><\/p>\n","protected":false},"excerpt":{"rendered":"<p>Ens remuntem a gaireb\u00e9 un any enrere, en aquest ja cada vegada m\u00e9s lluny\u00e0 2012 quan va tenir lloc la sessi\u00f3 de fotos amb la Mireia. El planing de sessi\u00f3 i estilisme era essencialment molt similar a qu\u00e8 vaig realitzar amb l\u2019Andrea Ruiz, com a part del meu projecte personal per portfolio, amb alguns matisos i adaptacions per encaixar perfectament amb l\u2019estil i caracter\u00edstiques de la Mireia. Vull agra\u00efr per endavant abans d\u2019entrar en m\u00e9s detalls de la sessi\u00f3, l\u2019esfor\u00e7 [&hellip;]<\/p>\n","protected":false},"author":4,"featured_media":32816,"comment_status":"closed","ping_status":"open","sticky":false,"template":"","format":"standard","meta":{"footnotes":""},"categories":[173,171],"tags":[327,333,329,331],"yoast_head":"<!-- This site is optimized with the Yoast SEO plugin v23.5 - https:\/\/yoast.com\/wordpress\/plugins\/seo\/ -->\n<title>Sessi\u00f3 de fotos amb la Mireia - Oriol Morte | Visuals<\/title>\n<meta name=\"description\" content=\"Sessi\u00f3 de fotos en estudi amb la Mireia. Sessi\u00f3 realitzada en interior amb vestit elegant i tamb\u00e9 llenceria a un pis de Barcelona.\" \/>\n<meta name=\"robots\" content=\"index, follow, max-snippet:-1, max-image-preview:large, max-video-preview:-1\" \/>\n<link rel=\"canonical\" href=\"https:\/\/www.oriolmorte.com\/ca\/2013\/01\/17\/sessio-fotos-mireia\/\" \/>\n<meta property=\"og:locale\" content=\"ca_ES\" \/>\n<meta property=\"og:type\" content=\"article\" \/>\n<meta property=\"og:title\" content=\"Sessi\u00f3 de fotos amb la Mireia - Oriol Morte | Visuals\" \/>\n<meta property=\"og:description\" content=\"Sessi\u00f3 de fotos en estudi amb la Mireia. Sessi\u00f3 realitzada en interior amb vestit elegant i tamb\u00e9 llenceria a un pis de Barcelona.\" \/>\n<meta property=\"og:url\" content=\"https:\/\/www.oriolmorte.com\/ca\/2013\/01\/17\/sessio-fotos-mireia\/\" \/>\n<meta property=\"og:site_name\" content=\"Oriol Morte | Visuals\" \/>\n<meta property=\"article:published_time\" content=\"2013-01-17T16:49:39+00:00\" \/>\n<meta property=\"article:modified_time\" content=\"2020-06-20T12:55:44+00:00\" \/>\n<meta property=\"og:image\" content=\"https:\/\/www.oriolmorte.com\/wp-content\/uploads\/2013\/01\/MG_8306-Edit_oriol_morte_featured_blog2-scaled.jpg\" \/>\n\t<meta property=\"og:image:width\" content=\"2560\" \/>\n\t<meta property=\"og:image:height\" content=\"1707\" \/>\n\t<meta property=\"og:image:type\" content=\"image\/jpeg\" \/>\n<meta name=\"author\" content=\"Oriol Morte\" \/>\n<meta name=\"twitter:card\" content=\"summary_large_image\" \/>\n<meta name=\"twitter:creator\" content=\"@oriolmorte\" \/>\n<meta name=\"twitter:site\" content=\"@oriolmorte\" \/>\n<meta name=\"twitter:label1\" content=\"Escrit per\" \/>\n\t<meta name=\"twitter:data1\" content=\"Oriol Morte\" \/>\n\t<meta name=\"twitter:label2\" content=\"Temps estimat de lectura\" \/>\n\t<meta name=\"twitter:data2\" content=\"2 minuts\" \/>\n<script type=\"application\/ld+json\" class=\"yoast-schema-graph\">{\"@context\":\"https:\/\/schema.org\",\"@graph\":[{\"@type\":\"Article\",\"@id\":\"https:\/\/www.oriolmorte.com\/ca\/2013\/01\/17\/sessio-fotos-mireia\/#article\",\"isPartOf\":{\"@id\":\"https:\/\/www.oriolmorte.com\/ca\/2013\/01\/17\/sessio-fotos-mireia\/\"},\"author\":{\"name\":\"Oriol Morte\",\"@id\":\"https:\/\/www.oriolmorte.com\/ca\/#\/schema\/person\/c939f3cb1e4f0e0d005eba682aa7f5a3\"},\"headline\":\"Sessi\u00f3 de fotos amb la Mireia\",\"datePublished\":\"2013-01-17T16:49:39+00:00\",\"dateModified\":\"2020-06-20T12:55:44+00:00\",\"mainEntityOfPage\":{\"@id\":\"https:\/\/www.oriolmorte.com\/ca\/2013\/01\/17\/sessio-fotos-mireia\/\"},\"wordCount\":368,\"publisher\":{\"@id\":\"https:\/\/www.oriolmorte.com\/ca\/#\/schema\/person\/c939f3cb1e4f0e0d005eba682aa7f5a3\"},\"image\":{\"@id\":\"https:\/\/www.oriolmorte.com\/ca\/2013\/01\/17\/sessio-fotos-mireia\/#primaryimage\"},\"thumbnailUrl\":\"https:\/\/www.oriolmorte.com\/wp-content\/uploads\/2013\/01\/MG_8306-Edit_oriol_morte_featured_blog2-scaled.jpg\",\"keywords\":[\"Anna Mundet\",\"elegant\",\"Elinchrom\",\"estudi\"],\"articleSection\":[\"Retrat\",\"T\u00e8cnica\"],\"inLanguage\":\"ca\"},{\"@type\":\"WebPage\",\"@id\":\"https:\/\/www.oriolmorte.com\/ca\/2013\/01\/17\/sessio-fotos-mireia\/\",\"url\":\"https:\/\/www.oriolmorte.com\/ca\/2013\/01\/17\/sessio-fotos-mireia\/\",\"name\":\"Sessi\u00f3 de fotos amb la Mireia - Oriol Morte | Visuals\",\"isPartOf\":{\"@id\":\"https:\/\/www.oriolmorte.com\/ca\/#website\"},\"primaryImageOfPage\":{\"@id\":\"https:\/\/www.oriolmorte.com\/ca\/2013\/01\/17\/sessio-fotos-mireia\/#primaryimage\"},\"image\":{\"@id\":\"https:\/\/www.oriolmorte.com\/ca\/2013\/01\/17\/sessio-fotos-mireia\/#primaryimage\"},\"thumbnailUrl\":\"https:\/\/www.oriolmorte.com\/wp-content\/uploads\/2013\/01\/MG_8306-Edit_oriol_morte_featured_blog2-scaled.jpg\",\"datePublished\":\"2013-01-17T16:49:39+00:00\",\"dateModified\":\"2020-06-20T12:55:44+00:00\",\"description\":\"Sessi\u00f3 de fotos en estudi amb la Mireia. Sessi\u00f3 realitzada en interior amb vestit elegant i tamb\u00e9 llenceria a un pis de Barcelona.\",\"breadcrumb\":{\"@id\":\"https:\/\/www.oriolmorte.com\/ca\/2013\/01\/17\/sessio-fotos-mireia\/#breadcrumb\"},\"inLanguage\":\"ca\",\"potentialAction\":[{\"@type\":\"ReadAction\",\"target\":[\"https:\/\/www.oriolmorte.com\/ca\/2013\/01\/17\/sessio-fotos-mireia\/\"]}]},{\"@type\":\"ImageObject\",\"inLanguage\":\"ca\",\"@id\":\"https:\/\/www.oriolmorte.com\/ca\/2013\/01\/17\/sessio-fotos-mireia\/#primaryimage\",\"url\":\"https:\/\/www.oriolmorte.com\/wp-content\/uploads\/2013\/01\/MG_8306-Edit_oriol_morte_featured_blog2-scaled.jpg\",\"contentUrl\":\"https:\/\/www.oriolmorte.com\/wp-content\/uploads\/2013\/01\/MG_8306-Edit_oriol_morte_featured_blog2-scaled.jpg\",\"width\":2560,\"height\":1707},{\"@type\":\"BreadcrumbList\",\"@id\":\"https:\/\/www.oriolmorte.com\/ca\/2013\/01\/17\/sessio-fotos-mireia\/#breadcrumb\",\"itemListElement\":[{\"@type\":\"ListItem\",\"position\":1,\"name\":\"Home\",\"item\":\"https:\/\/www.oriolmorte.com\/ca\/\"},{\"@type\":\"ListItem\",\"position\":2,\"name\":\"Sessi\u00f3 de fotos amb la Mireia\"}]},{\"@type\":\"WebSite\",\"@id\":\"https:\/\/www.oriolmorte.com\/ca\/#website\",\"url\":\"https:\/\/www.oriolmorte.com\/ca\/\",\"name\":\"Oriol Morte | Visuals\",\"description\":\"Photography\",\"publisher\":{\"@id\":\"https:\/\/www.oriolmorte.com\/ca\/#\/schema\/person\/c939f3cb1e4f0e0d005eba682aa7f5a3\"},\"potentialAction\":[{\"@type\":\"SearchAction\",\"target\":{\"@type\":\"EntryPoint\",\"urlTemplate\":\"https:\/\/www.oriolmorte.com\/ca\/?s={search_term_string}\"},\"query-input\":{\"@type\":\"PropertyValueSpecification\",\"valueRequired\":true,\"valueName\":\"search_term_string\"}}],\"inLanguage\":\"ca\"},{\"@type\":[\"Person\",\"Organization\"],\"@id\":\"https:\/\/www.oriolmorte.com\/ca\/#\/schema\/person\/c939f3cb1e4f0e0d005eba682aa7f5a3\",\"name\":\"Oriol Morte\",\"image\":{\"@type\":\"ImageObject\",\"inLanguage\":\"ca\",\"@id\":\"https:\/\/www.oriolmorte.com\/ca\/#\/schema\/person\/image\/\",\"url\":\"https:\/\/www.oriolmorte.com\/wp-content\/uploads\/2014\/03\/logo_OM_black_translucent_background.png\",\"contentUrl\":\"https:\/\/www.oriolmorte.com\/wp-content\/uploads\/2014\/03\/logo_OM_black_translucent_background.png\",\"width\":500,\"height\":500,\"caption\":\"Oriol Morte\"},\"logo\":{\"@id\":\"https:\/\/www.oriolmorte.com\/ca\/#\/schema\/person\/image\/\"},\"description\":\"Photographer since 2002\",\"url\":\"https:\/\/www.oriolmorte.com\/ca\/author\/oriolmorte\/\"}]}<\/script>\n<!-- \/ Yoast SEO plugin. -->","yoast_head_json":{"title":"Sessi\u00f3 de fotos amb la Mireia - Oriol Morte | Visuals","description":"Sessi\u00f3 de fotos en estudi amb la Mireia. Sessi\u00f3 realitzada en interior amb vestit elegant i tamb\u00e9 llenceria a un pis de Barcelona.","robots":{"index":"index","follow":"follow","max-snippet":"max-snippet:-1","max-image-preview":"max-image-preview:large","max-video-preview":"max-video-preview:-1"},"canonical":"https:\/\/www.oriolmorte.com\/ca\/2013\/01\/17\/sessio-fotos-mireia\/","og_locale":"ca_ES","og_type":"article","og_title":"Sessi\u00f3 de fotos amb la Mireia - Oriol Morte | Visuals","og_description":"Sessi\u00f3 de fotos en estudi amb la Mireia. Sessi\u00f3 realitzada en interior amb vestit elegant i tamb\u00e9 llenceria a un pis de Barcelona.","og_url":"https:\/\/www.oriolmorte.com\/ca\/2013\/01\/17\/sessio-fotos-mireia\/","og_site_name":"Oriol Morte | Visuals","article_published_time":"2013-01-17T16:49:39+00:00","article_modified_time":"2020-06-20T12:55:44+00:00","og_image":[{"width":2560,"height":1707,"url":"https:\/\/www.oriolmorte.com\/wp-content\/uploads\/2013\/01\/MG_8306-Edit_oriol_morte_featured_blog2-scaled.jpg","type":"image\/jpeg"}],"author":"Oriol Morte","twitter_card":"summary_large_image","twitter_creator":"@oriolmorte","twitter_site":"@oriolmorte","twitter_misc":{"Escrit per":"Oriol Morte","Temps estimat de lectura":"2 minuts"},"schema":{"@context":"https:\/\/schema.org","@graph":[{"@type":"Article","@id":"https:\/\/www.oriolmorte.com\/ca\/2013\/01\/17\/sessio-fotos-mireia\/#article","isPartOf":{"@id":"https:\/\/www.oriolmorte.com\/ca\/2013\/01\/17\/sessio-fotos-mireia\/"},"author":{"name":"Oriol Morte","@id":"https:\/\/www.oriolmorte.com\/ca\/#\/schema\/person\/c939f3cb1e4f0e0d005eba682aa7f5a3"},"headline":"Sessi\u00f3 de fotos amb la Mireia","datePublished":"2013-01-17T16:49:39+00:00","dateModified":"2020-06-20T12:55:44+00:00","mainEntityOfPage":{"@id":"https:\/\/www.oriolmorte.com\/ca\/2013\/01\/17\/sessio-fotos-mireia\/"},"wordCount":368,"publisher":{"@id":"https:\/\/www.oriolmorte.com\/ca\/#\/schema\/person\/c939f3cb1e4f0e0d005eba682aa7f5a3"},"image":{"@id":"https:\/\/www.oriolmorte.com\/ca\/2013\/01\/17\/sessio-fotos-mireia\/#primaryimage"},"thumbnailUrl":"https:\/\/www.oriolmorte.com\/wp-content\/uploads\/2013\/01\/MG_8306-Edit_oriol_morte_featured_blog2-scaled.jpg","keywords":["Anna Mundet","elegant","Elinchrom","estudi"],"articleSection":["Retrat","T\u00e8cnica"],"inLanguage":"ca"},{"@type":"WebPage","@id":"https:\/\/www.oriolmorte.com\/ca\/2013\/01\/17\/sessio-fotos-mireia\/","url":"https:\/\/www.oriolmorte.com\/ca\/2013\/01\/17\/sessio-fotos-mireia\/","name":"Sessi\u00f3 de fotos amb la Mireia - Oriol Morte | Visuals","isPartOf":{"@id":"https:\/\/www.oriolmorte.com\/ca\/#website"},"primaryImageOfPage":{"@id":"https:\/\/www.oriolmorte.com\/ca\/2013\/01\/17\/sessio-fotos-mireia\/#primaryimage"},"image":{"@id":"https:\/\/www.oriolmorte.com\/ca\/2013\/01\/17\/sessio-fotos-mireia\/#primaryimage"},"thumbnailUrl":"https:\/\/www.oriolmorte.com\/wp-content\/uploads\/2013\/01\/MG_8306-Edit_oriol_morte_featured_blog2-scaled.jpg","datePublished":"2013-01-17T16:49:39+00:00","dateModified":"2020-06-20T12:55:44+00:00","description":"Sessi\u00f3 de fotos en estudi amb la Mireia. Sessi\u00f3 realitzada en interior amb vestit elegant i tamb\u00e9 llenceria a un pis de Barcelona.","breadcrumb":{"@id":"https:\/\/www.oriolmorte.com\/ca\/2013\/01\/17\/sessio-fotos-mireia\/#breadcrumb"},"inLanguage":"ca","potentialAction":[{"@type":"ReadAction","target":["https:\/\/www.oriolmorte.com\/ca\/2013\/01\/17\/sessio-fotos-mireia\/"]}]},{"@type":"ImageObject","inLanguage":"ca","@id":"https:\/\/www.oriolmorte.com\/ca\/2013\/01\/17\/sessio-fotos-mireia\/#primaryimage","url":"https:\/\/www.oriolmorte.com\/wp-content\/uploads\/2013\/01\/MG_8306-Edit_oriol_morte_featured_blog2-scaled.jpg","contentUrl":"https:\/\/www.oriolmorte.com\/wp-content\/uploads\/2013\/01\/MG_8306-Edit_oriol_morte_featured_blog2-scaled.jpg","width":2560,"height":1707},{"@type":"BreadcrumbList","@id":"https:\/\/www.oriolmorte.com\/ca\/2013\/01\/17\/sessio-fotos-mireia\/#breadcrumb","itemListElement":[{"@type":"ListItem","position":1,"name":"Home","item":"https:\/\/www.oriolmorte.com\/ca\/"},{"@type":"ListItem","position":2,"name":"Sessi\u00f3 de fotos amb la Mireia"}]},{"@type":"WebSite","@id":"https:\/\/www.oriolmorte.com\/ca\/#website","url":"https:\/\/www.oriolmorte.com\/ca\/","name":"Oriol Morte | Visuals","description":"Photography","publisher":{"@id":"https:\/\/www.oriolmorte.com\/ca\/#\/schema\/person\/c939f3cb1e4f0e0d005eba682aa7f5a3"},"potentialAction":[{"@type":"SearchAction","target":{"@type":"EntryPoint","urlTemplate":"https:\/\/www.oriolmorte.com\/ca\/?s={search_term_string}"},"query-input":{"@type":"PropertyValueSpecification","valueRequired":true,"valueName":"search_term_string"}}],"inLanguage":"ca"},{"@type":["Person","Organization"],"@id":"https:\/\/www.oriolmorte.com\/ca\/#\/schema\/person\/c939f3cb1e4f0e0d005eba682aa7f5a3","name":"Oriol Morte","image":{"@type":"ImageObject","inLanguage":"ca","@id":"https:\/\/www.oriolmorte.com\/ca\/#\/schema\/person\/image\/","url":"https:\/\/www.oriolmorte.com\/wp-content\/uploads\/2014\/03\/logo_OM_black_translucent_background.png","contentUrl":"https:\/\/www.oriolmorte.com\/wp-content\/uploads\/2014\/03\/logo_OM_black_translucent_background.png","width":500,"height":500,"caption":"Oriol Morte"},"logo":{"@id":"https:\/\/www.oriolmorte.com\/ca\/#\/schema\/person\/image\/"},"description":"Photographer since 2002","url":"https:\/\/www.oriolmorte.com\/ca\/author\/oriolmorte\/"}]}},"_links":{"self":[{"href":"https:\/\/www.oriolmorte.com\/ca\/wp-json\/wp\/v2\/posts\/4686"}],"collection":[{"href":"https:\/\/www.oriolmorte.com\/ca\/wp-json\/wp\/v2\/posts"}],"about":[{"href":"https:\/\/www.oriolmorte.com\/ca\/wp-json\/wp\/v2\/types\/post"}],"author":[{"embeddable":true,"href":"https:\/\/www.oriolmorte.com\/ca\/wp-json\/wp\/v2\/users\/4"}],"replies":[{"embeddable":true,"href":"https:\/\/www.oriolmorte.com\/ca\/wp-json\/wp\/v2\/comments?post=4686"}],"version-history":[{"count":13,"href":"https:\/\/www.oriolmorte.com\/ca\/wp-json\/wp\/v2\/posts\/4686\/revisions"}],"predecessor-version":[{"id":49750,"href":"https:\/\/www.oriolmorte.com\/ca\/wp-json\/wp\/v2\/posts\/4686\/revisions\/49750"}],"wp:featuredmedia":[{"embeddable":true,"href":"https:\/\/www.oriolmorte.com\/ca\/wp-json\/wp\/v2\/media\/32816"}],"wp:attachment":[{"href":"https:\/\/www.oriolmorte.com\/ca\/wp-json\/wp\/v2\/media?parent=4686"}],"wp:term":[{"taxonomy":"category","embeddable":true,"href":"https:\/\/www.oriolmorte.com\/ca\/wp-json\/wp\/v2\/categories?post=4686"},{"taxonomy":"post_tag","embeddable":true,"href":"https:\/\/www.oriolmorte.com\/ca\/wp-json\/wp\/v2\/tags?post=4686"}],"curies":[{"name":"wp","href":"https:\/\/api.w.org\/{rel}","templated":true}]}}