{"id":34719,"date":"2018-07-14T20:05:27","date_gmt":"2018-07-14T18:05:27","guid":{"rendered":"http:\/\/www.oriolmorte.com\/?p=34719"},"modified":"2019-06-02T17:58:40","modified_gmt":"2019-06-02T15:58:40","slug":"una-tarda-a-bilbao","status":"publish","type":"post","link":"https:\/\/www.oriolmorte.com\/ca\/2018\/07\/14\/una-tarda-a-bilbao\/","title":{"rendered":"Una tarda a Bilbao"},"content":{"rendered":"<h2>Una tarda a Bilbao<\/h2>\n<p style=\"text-align: justify;\">Seguint el viatge a trav\u00e9s de la costa nord d\u2019Espanya despr\u00e9s de deixar enrera Ast\u00faries passant per <a href=\"http:\/\/www.oriolmorte.com\/2017\/05\/15\/platja-de-cuevas-del-mar\/?lang=ca\">la Platja de Cuevas del Mar<\/a>, vaig decidir passar una tarda a Bilbao. La ciutat \u00e9s un municipi a la prov\u00edncia de Biscaia, a la comunitat aut\u00f2nom del Pa\u00eds Vasc. Va ser per molts anys una ciutat molt industrial per\u00f2 ha renovat moltes \u00e0rees convertint-les en quelcom molt m\u00e9s bonic. El turisme s\u2019ha vist incrementat molt tamb\u00e9 des de la inauguraci\u00f3 del Museu Guggenheim. Actualment, el passeig al llarg de la Ria del Nervi\u00f3n \u00e9s un lloc excel\u00b7lent des d\u2019on apreciar la bellesa d\u2019aquesta ciutat basca.<\/p>\n<p><img fetchpriority=\"high\" decoding=\"async\" class=\"size-medium wp-image-34696 aligncenter\" src=\"https:\/\/www.oriolmorte.com\/wp-content\/uploads\/2016\/02\/R8A5300_oriol_morte_blog-400x600.jpg\" alt=\"Gugghenheim Museum Bilbao\" width=\"400\" height=\"600\" srcset=\"https:\/\/www.oriolmorte.com\/wp-content\/uploads\/2016\/02\/R8A5300_oriol_morte_blog-400x600.jpg 400w, https:\/\/www.oriolmorte.com\/wp-content\/uploads\/2016\/02\/R8A5300_oriol_morte_blog-600x900.jpg 600w, https:\/\/www.oriolmorte.com\/wp-content\/uploads\/2016\/02\/R8A5300_oriol_morte_blog-768x1152.jpg 768w, https:\/\/www.oriolmorte.com\/wp-content\/uploads\/2016\/02\/R8A5300_oriol_morte_blog-470x705.jpg 470w, https:\/\/www.oriolmorte.com\/wp-content\/uploads\/2016\/02\/R8A5300_oriol_morte_blog.jpg 947w\" sizes=\"(max-width: 400px) 100vw, 400px\" \/><\/p>\n<p style=\"text-align: center;\"><img decoding=\"async\" class=\"size-medium wp-image-34699\" src=\"https:\/\/www.oriolmorte.com\/wp-content\/uploads\/2016\/02\/R8A5291-Edit_oriol_morte_blog-710x242.jpg\" alt=\"Gugghenheim Museum Bilbao\" width=\"710\" height=\"242\" srcset=\"https:\/\/www.oriolmorte.com\/wp-content\/uploads\/2016\/02\/R8A5291-Edit_oriol_morte_blog-710x242.jpg 710w, https:\/\/www.oriolmorte.com\/wp-content\/uploads\/2016\/02\/R8A5291-Edit_oriol_morte_blog-600x204.jpg 600w, https:\/\/www.oriolmorte.com\/wp-content\/uploads\/2016\/02\/R8A5291-Edit_oriol_morte_blog-768x261.jpg 768w, https:\/\/www.oriolmorte.com\/wp-content\/uploads\/2016\/02\/R8A5291-Edit_oriol_morte_blog-1030x350.jpg 1030w, https:\/\/www.oriolmorte.com\/wp-content\/uploads\/2016\/02\/R8A5291-Edit_oriol_morte_blog-705x240.jpg 705w, https:\/\/www.oriolmorte.com\/wp-content\/uploads\/2016\/02\/R8A5291-Edit_oriol_morte_blog.jpg 1420w\" sizes=\"(max-width: 710px) 100vw, 710px\" \/><\/p>\n<p style=\"text-align: center;\"><img decoding=\"async\" class=\"size-medium wp-image-34702\" src=\"https:\/\/www.oriolmorte.com\/wp-content\/uploads\/2016\/02\/R8A5288_oriol_morte_blog-400x600.jpg\" alt=\"Iberdrola Tower Bilbao\" width=\"400\" height=\"600\" srcset=\"https:\/\/www.oriolmorte.com\/wp-content\/uploads\/2016\/02\/R8A5288_oriol_morte_blog-400x600.jpg 400w, https:\/\/www.oriolmorte.com\/wp-content\/uploads\/2016\/02\/R8A5288_oriol_morte_blog-600x900.jpg 600w, https:\/\/www.oriolmorte.com\/wp-content\/uploads\/2016\/02\/R8A5288_oriol_morte_blog-768x1152.jpg 768w, https:\/\/www.oriolmorte.com\/wp-content\/uploads\/2016\/02\/R8A5288_oriol_morte_blog-470x705.jpg 470w, https:\/\/www.oriolmorte.com\/wp-content\/uploads\/2016\/02\/R8A5288_oriol_morte_blog.jpg 947w\" sizes=\"(max-width: 400px) 100vw, 400px\" \/><\/p>\n<p style=\"text-align: justify;\">La majoria de turistes no coneixen, i val la pena visitar, la zona de Kobetamendi. All\u00e0 \u00e9s on vaig comen\u00e7ar la meva tarda a Bilbao abans de passejar per la Ria de Bilbao. Kobatamendi \u00e9s a un tur\u00f3 davant de Bilbao on hi t\u00e9 lloc el\u00a0<a href=\"http:\/\/bilbaobbklive.com\/\">BBK Live Festival<\/a>. Des d\u2019all\u00e0 es pot veure una panor\u00e0mica fant\u00e0stica de la ciutat de Bilbao com la fotografia de sota. Recomano dinar a la \u201c<a href=\"http:\/\/cerveceracobetas.com\/\">Cervecera Cobeta<\/a>\u201d on es pot menjar a molt bon preu mentre es gaudeix de les excel\u00b7lents vistes que ofereix aquest indret. Aquest tipus de Bar-Restaurant \u00e9s molt t\u00edpic de Biscaia. Prometo que no cobro cap comissi\u00f3 per recomanar aquest restaurant! \u00c9s nom\u00e9s que em va encantar la mescla de menjar i paisatge!<\/p>\n<p><img loading=\"lazy\" decoding=\"async\" class=\"size-medium wp-image-34705 aligncenter\" src=\"https:\/\/www.oriolmorte.com\/wp-content\/uploads\/2016\/02\/R8A5274_oriol_morte_blog-710x96.jpg\" alt=\"Bilbao city panorama\" width=\"710\" height=\"96\" srcset=\"https:\/\/www.oriolmorte.com\/wp-content\/uploads\/2016\/02\/R8A5274_oriol_morte_blog-710x96.jpg 710w, https:\/\/www.oriolmorte.com\/wp-content\/uploads\/2016\/02\/R8A5274_oriol_morte_blog-600x81.jpg 600w, https:\/\/www.oriolmorte.com\/wp-content\/uploads\/2016\/02\/R8A5274_oriol_morte_blog-768x103.jpg 768w, https:\/\/www.oriolmorte.com\/wp-content\/uploads\/2016\/02\/R8A5274_oriol_morte_blog-1030x139.jpg 1030w, https:\/\/www.oriolmorte.com\/wp-content\/uploads\/2016\/02\/R8A5274_oriol_morte_blog-705x95.jpg 705w, https:\/\/www.oriolmorte.com\/wp-content\/uploads\/2016\/02\/R8A5274_oriol_morte_blog.jpg 1420w\" sizes=\"(max-width: 710px) 100vw, 710px\" \/><\/p>\n<p>\u00a0<\/p>\n<p>Quan es va fer fosc vaig marxar despr\u00e9s d\u2019haver passar una tarda a Bilbao. Vaig tornar cap a Sopelana, on m\u2019allotjava. La meva seg\u00fcent destinaci\u00f3 era San Juan de Gazteugatxe. El proper article arribar\u00e0 aviat!<\/p>\n<p>No era la primera vegada que visitava el Pa\u00eds Vasc, ja podeu veure algunes fotos de la regi\u00f3 a la meva Galeria del Sud-Oest d\u2019Europa. Per ser sincer, ja hi he estat unes 10 vegades i espero\u00a0tornar-hi un altre cop!<\/p>\n","protected":false},"excerpt":{"rendered":"<p>Una tarda a Bilbao Seguint el viatge a trav\u00e9s de la costa nord d\u2019Espanya despr\u00e9s de deixar enrera Ast\u00faries passant per la Platja de Cuevas del Mar, vaig decidir passar una tarda a Bilbao. La ciutat \u00e9s un municipi a la prov\u00edncia de Biscaia, a la comunitat aut\u00f2nom del Pa\u00eds Vasc. Va ser per molts anys una ciutat molt industrial per\u00f2 ha renovat moltes \u00e0rees convertint-les en quelcom molt m\u00e9s bonic. El turisme s\u2019ha vist incrementat molt tamb\u00e9 des de [&hellip;]<\/p>\n","protected":false},"author":4,"featured_media":34710,"comment_status":"closed","ping_status":"open","sticky":false,"template":"","format":"standard","meta":{"footnotes":""},"categories":[174,175],"tags":[],"yoast_head":"<!-- This site is optimized with the Yoast SEO plugin v23.5 - https:\/\/yoast.com\/wordpress\/plugins\/seo\/ -->\n<title>Una tarda a Bilbao - Oriol Morte | Visuals<\/title>\n<meta name=\"description\" content=\"Una tarda a Bilbao. Fotografiant panor\u00e0miques des de Kobetamendi i fotos al costat de la Ria del Nervi\u00f3n capturant el Museu Guggenhiem i la Torre Iberdrola\" \/>\n<meta name=\"robots\" content=\"index, follow, max-snippet:-1, max-image-preview:large, max-video-preview:-1\" \/>\n<link rel=\"canonical\" href=\"https:\/\/www.oriolmorte.com\/ca\/2018\/07\/14\/una-tarda-a-bilbao\/\" \/>\n<meta property=\"og:locale\" content=\"ca_ES\" \/>\n<meta property=\"og:type\" content=\"article\" \/>\n<meta property=\"og:title\" content=\"Una tarda a Bilbao - Oriol Morte | Visuals\" \/>\n<meta property=\"og:description\" content=\"Una tarda a Bilbao. Fotografiant panor\u00e0miques des de Kobetamendi i fotos al costat de la Ria del Nervi\u00f3n capturant el Museu Guggenhiem i la Torre Iberdrola\" \/>\n<meta property=\"og:url\" content=\"https:\/\/www.oriolmorte.com\/ca\/2018\/07\/14\/una-tarda-a-bilbao\/\" \/>\n<meta property=\"og:site_name\" content=\"Oriol Morte | Visuals\" \/>\n<meta property=\"article:published_time\" content=\"2018-07-14T18:05:27+00:00\" \/>\n<meta property=\"article:modified_time\" content=\"2019-06-02T15:58:40+00:00\" \/>\n<meta property=\"og:image\" content=\"https:\/\/www.oriolmorte.com\/wp-content\/uploads\/2016\/02\/R8A5291-Edit_oriol_morte_featured_blog-scaled.jpg\" \/>\n\t<meta property=\"og:image:width\" content=\"2560\" \/>\n\t<meta property=\"og:image:height\" content=\"871\" \/>\n\t<meta property=\"og:image:type\" content=\"image\/jpeg\" \/>\n<meta name=\"author\" content=\"Oriol Morte\" \/>\n<meta name=\"twitter:card\" content=\"summary_large_image\" \/>\n<meta name=\"twitter:creator\" content=\"@oriolmorte\" \/>\n<meta name=\"twitter:site\" content=\"@oriolmorte\" \/>\n<meta name=\"twitter:label1\" content=\"Escrit per\" \/>\n\t<meta name=\"twitter:data1\" content=\"Oriol Morte\" \/>\n\t<meta name=\"twitter:label2\" content=\"Temps estimat de lectura\" \/>\n\t<meta name=\"twitter:data2\" content=\"2 minuts\" \/>\n<script type=\"application\/ld+json\" class=\"yoast-schema-graph\">{\"@context\":\"https:\/\/schema.org\",\"@graph\":[{\"@type\":\"Article\",\"@id\":\"https:\/\/www.oriolmorte.com\/ca\/2018\/07\/14\/una-tarda-a-bilbao\/#article\",\"isPartOf\":{\"@id\":\"https:\/\/www.oriolmorte.com\/ca\/2018\/07\/14\/una-tarda-a-bilbao\/\"},\"author\":{\"name\":\"Oriol Morte\",\"@id\":\"https:\/\/www.oriolmorte.com\/ca\/#\/schema\/person\/c939f3cb1e4f0e0d005eba682aa7f5a3\"},\"headline\":\"Una tarda a Bilbao\",\"datePublished\":\"2018-07-14T18:05:27+00:00\",\"dateModified\":\"2019-06-02T15:58:40+00:00\",\"mainEntityOfPage\":{\"@id\":\"https:\/\/www.oriolmorte.com\/ca\/2018\/07\/14\/una-tarda-a-bilbao\/\"},\"wordCount\":336,\"publisher\":{\"@id\":\"https:\/\/www.oriolmorte.com\/ca\/#\/schema\/person\/c939f3cb1e4f0e0d005eba682aa7f5a3\"},\"image\":{\"@id\":\"https:\/\/www.oriolmorte.com\/ca\/2018\/07\/14\/una-tarda-a-bilbao\/#primaryimage\"},\"thumbnailUrl\":\"https:\/\/www.oriolmorte.com\/wp-content\/uploads\/2016\/02\/R8A5291-Edit_oriol_morte_featured_blog-scaled.jpg\",\"articleSection\":[\"Paisatges\",\"Viatges\"],\"inLanguage\":\"ca\"},{\"@type\":\"WebPage\",\"@id\":\"https:\/\/www.oriolmorte.com\/ca\/2018\/07\/14\/una-tarda-a-bilbao\/\",\"url\":\"https:\/\/www.oriolmorte.com\/ca\/2018\/07\/14\/una-tarda-a-bilbao\/\",\"name\":\"Una tarda a Bilbao - Oriol Morte | Visuals\",\"isPartOf\":{\"@id\":\"https:\/\/www.oriolmorte.com\/ca\/#website\"},\"primaryImageOfPage\":{\"@id\":\"https:\/\/www.oriolmorte.com\/ca\/2018\/07\/14\/una-tarda-a-bilbao\/#primaryimage\"},\"image\":{\"@id\":\"https:\/\/www.oriolmorte.com\/ca\/2018\/07\/14\/una-tarda-a-bilbao\/#primaryimage\"},\"thumbnailUrl\":\"https:\/\/www.oriolmorte.com\/wp-content\/uploads\/2016\/02\/R8A5291-Edit_oriol_morte_featured_blog-scaled.jpg\",\"datePublished\":\"2018-07-14T18:05:27+00:00\",\"dateModified\":\"2019-06-02T15:58:40+00:00\",\"description\":\"Una tarda a Bilbao. Fotografiant panor\u00e0miques des de Kobetamendi i fotos al costat de la Ria del Nervi\u00f3n capturant el Museu Guggenhiem i la Torre Iberdrola\",\"breadcrumb\":{\"@id\":\"https:\/\/www.oriolmorte.com\/ca\/2018\/07\/14\/una-tarda-a-bilbao\/#breadcrumb\"},\"inLanguage\":\"ca\",\"potentialAction\":[{\"@type\":\"ReadAction\",\"target\":[\"https:\/\/www.oriolmorte.com\/ca\/2018\/07\/14\/una-tarda-a-bilbao\/\"]}]},{\"@type\":\"ImageObject\",\"inLanguage\":\"ca\",\"@id\":\"https:\/\/www.oriolmorte.com\/ca\/2018\/07\/14\/una-tarda-a-bilbao\/#primaryimage\",\"url\":\"https:\/\/www.oriolmorte.com\/wp-content\/uploads\/2016\/02\/R8A5291-Edit_oriol_morte_featured_blog-scaled.jpg\",\"contentUrl\":\"https:\/\/www.oriolmorte.com\/wp-content\/uploads\/2016\/02\/R8A5291-Edit_oriol_morte_featured_blog-scaled.jpg\",\"width\":2560,\"height\":871,\"caption\":\"Museu Guggenheim, Bilbao\"},{\"@type\":\"BreadcrumbList\",\"@id\":\"https:\/\/www.oriolmorte.com\/ca\/2018\/07\/14\/una-tarda-a-bilbao\/#breadcrumb\",\"itemListElement\":[{\"@type\":\"ListItem\",\"position\":1,\"name\":\"Home\",\"item\":\"https:\/\/www.oriolmorte.com\/ca\/\"},{\"@type\":\"ListItem\",\"position\":2,\"name\":\"Una tarda a Bilbao\"}]},{\"@type\":\"WebSite\",\"@id\":\"https:\/\/www.oriolmorte.com\/ca\/#website\",\"url\":\"https:\/\/www.oriolmorte.com\/ca\/\",\"name\":\"Oriol Morte | Visuals\",\"description\":\"Photography\",\"publisher\":{\"@id\":\"https:\/\/www.oriolmorte.com\/ca\/#\/schema\/person\/c939f3cb1e4f0e0d005eba682aa7f5a3\"},\"potentialAction\":[{\"@type\":\"SearchAction\",\"target\":{\"@type\":\"EntryPoint\",\"urlTemplate\":\"https:\/\/www.oriolmorte.com\/ca\/?s={search_term_string}\"},\"query-input\":{\"@type\":\"PropertyValueSpecification\",\"valueRequired\":true,\"valueName\":\"search_term_string\"}}],\"inLanguage\":\"ca\"},{\"@type\":[\"Person\",\"Organization\"],\"@id\":\"https:\/\/www.oriolmorte.com\/ca\/#\/schema\/person\/c939f3cb1e4f0e0d005eba682aa7f5a3\",\"name\":\"Oriol Morte\",\"image\":{\"@type\":\"ImageObject\",\"inLanguage\":\"ca\",\"@id\":\"https:\/\/www.oriolmorte.com\/ca\/#\/schema\/person\/image\/\",\"url\":\"https:\/\/www.oriolmorte.com\/wp-content\/uploads\/2014\/03\/logo_OM_black_translucent_background.png\",\"contentUrl\":\"https:\/\/www.oriolmorte.com\/wp-content\/uploads\/2014\/03\/logo_OM_black_translucent_background.png\",\"width\":500,\"height\":500,\"caption\":\"Oriol Morte\"},\"logo\":{\"@id\":\"https:\/\/www.oriolmorte.com\/ca\/#\/schema\/person\/image\/\"},\"description\":\"Photographer since 2002\",\"url\":\"https:\/\/www.oriolmorte.com\/ca\/author\/oriolmorte\/\"}]}<\/script>\n<!-- \/ Yoast SEO plugin. -->","yoast_head_json":{"title":"Una tarda a Bilbao - Oriol Morte | Visuals","description":"Una tarda a Bilbao. Fotografiant panor\u00e0miques des de Kobetamendi i fotos al costat de la Ria del Nervi\u00f3n capturant el Museu Guggenhiem i la Torre Iberdrola","robots":{"index":"index","follow":"follow","max-snippet":"max-snippet:-1","max-image-preview":"max-image-preview:large","max-video-preview":"max-video-preview:-1"},"canonical":"https:\/\/www.oriolmorte.com\/ca\/2018\/07\/14\/una-tarda-a-bilbao\/","og_locale":"ca_ES","og_type":"article","og_title":"Una tarda a Bilbao - Oriol Morte | Visuals","og_description":"Una tarda a Bilbao. Fotografiant panor\u00e0miques des de Kobetamendi i fotos al costat de la Ria del Nervi\u00f3n capturant el Museu Guggenhiem i la Torre Iberdrola","og_url":"https:\/\/www.oriolmorte.com\/ca\/2018\/07\/14\/una-tarda-a-bilbao\/","og_site_name":"Oriol Morte | Visuals","article_published_time":"2018-07-14T18:05:27+00:00","article_modified_time":"2019-06-02T15:58:40+00:00","og_image":[{"width":2560,"height":871,"url":"https:\/\/www.oriolmorte.com\/wp-content\/uploads\/2016\/02\/R8A5291-Edit_oriol_morte_featured_blog-scaled.jpg","type":"image\/jpeg"}],"author":"Oriol Morte","twitter_card":"summary_large_image","twitter_creator":"@oriolmorte","twitter_site":"@oriolmorte","twitter_misc":{"Escrit per":"Oriol Morte","Temps estimat de lectura":"2 minuts"},"schema":{"@context":"https:\/\/schema.org","@graph":[{"@type":"Article","@id":"https:\/\/www.oriolmorte.com\/ca\/2018\/07\/14\/una-tarda-a-bilbao\/#article","isPartOf":{"@id":"https:\/\/www.oriolmorte.com\/ca\/2018\/07\/14\/una-tarda-a-bilbao\/"},"author":{"name":"Oriol Morte","@id":"https:\/\/www.oriolmorte.com\/ca\/#\/schema\/person\/c939f3cb1e4f0e0d005eba682aa7f5a3"},"headline":"Una tarda a Bilbao","datePublished":"2018-07-14T18:05:27+00:00","dateModified":"2019-06-02T15:58:40+00:00","mainEntityOfPage":{"@id":"https:\/\/www.oriolmorte.com\/ca\/2018\/07\/14\/una-tarda-a-bilbao\/"},"wordCount":336,"publisher":{"@id":"https:\/\/www.oriolmorte.com\/ca\/#\/schema\/person\/c939f3cb1e4f0e0d005eba682aa7f5a3"},"image":{"@id":"https:\/\/www.oriolmorte.com\/ca\/2018\/07\/14\/una-tarda-a-bilbao\/#primaryimage"},"thumbnailUrl":"https:\/\/www.oriolmorte.com\/wp-content\/uploads\/2016\/02\/R8A5291-Edit_oriol_morte_featured_blog-scaled.jpg","articleSection":["Paisatges","Viatges"],"inLanguage":"ca"},{"@type":"WebPage","@id":"https:\/\/www.oriolmorte.com\/ca\/2018\/07\/14\/una-tarda-a-bilbao\/","url":"https:\/\/www.oriolmorte.com\/ca\/2018\/07\/14\/una-tarda-a-bilbao\/","name":"Una tarda a Bilbao - Oriol Morte | Visuals","isPartOf":{"@id":"https:\/\/www.oriolmorte.com\/ca\/#website"},"primaryImageOfPage":{"@id":"https:\/\/www.oriolmorte.com\/ca\/2018\/07\/14\/una-tarda-a-bilbao\/#primaryimage"},"image":{"@id":"https:\/\/www.oriolmorte.com\/ca\/2018\/07\/14\/una-tarda-a-bilbao\/#primaryimage"},"thumbnailUrl":"https:\/\/www.oriolmorte.com\/wp-content\/uploads\/2016\/02\/R8A5291-Edit_oriol_morte_featured_blog-scaled.jpg","datePublished":"2018-07-14T18:05:27+00:00","dateModified":"2019-06-02T15:58:40+00:00","description":"Una tarda a Bilbao. Fotografiant panor\u00e0miques des de Kobetamendi i fotos al costat de la Ria del Nervi\u00f3n capturant el Museu Guggenhiem i la Torre Iberdrola","breadcrumb":{"@id":"https:\/\/www.oriolmorte.com\/ca\/2018\/07\/14\/una-tarda-a-bilbao\/#breadcrumb"},"inLanguage":"ca","potentialAction":[{"@type":"ReadAction","target":["https:\/\/www.oriolmorte.com\/ca\/2018\/07\/14\/una-tarda-a-bilbao\/"]}]},{"@type":"ImageObject","inLanguage":"ca","@id":"https:\/\/www.oriolmorte.com\/ca\/2018\/07\/14\/una-tarda-a-bilbao\/#primaryimage","url":"https:\/\/www.oriolmorte.com\/wp-content\/uploads\/2016\/02\/R8A5291-Edit_oriol_morte_featured_blog-scaled.jpg","contentUrl":"https:\/\/www.oriolmorte.com\/wp-content\/uploads\/2016\/02\/R8A5291-Edit_oriol_morte_featured_blog-scaled.jpg","width":2560,"height":871,"caption":"Museu Guggenheim, Bilbao"},{"@type":"BreadcrumbList","@id":"https:\/\/www.oriolmorte.com\/ca\/2018\/07\/14\/una-tarda-a-bilbao\/#breadcrumb","itemListElement":[{"@type":"ListItem","position":1,"name":"Home","item":"https:\/\/www.oriolmorte.com\/ca\/"},{"@type":"ListItem","position":2,"name":"Una tarda a Bilbao"}]},{"@type":"WebSite","@id":"https:\/\/www.oriolmorte.com\/ca\/#website","url":"https:\/\/www.oriolmorte.com\/ca\/","name":"Oriol Morte | Visuals","description":"Photography","publisher":{"@id":"https:\/\/www.oriolmorte.com\/ca\/#\/schema\/person\/c939f3cb1e4f0e0d005eba682aa7f5a3"},"potentialAction":[{"@type":"SearchAction","target":{"@type":"EntryPoint","urlTemplate":"https:\/\/www.oriolmorte.com\/ca\/?s={search_term_string}"},"query-input":{"@type":"PropertyValueSpecification","valueRequired":true,"valueName":"search_term_string"}}],"inLanguage":"ca"},{"@type":["Person","Organization"],"@id":"https:\/\/www.oriolmorte.com\/ca\/#\/schema\/person\/c939f3cb1e4f0e0d005eba682aa7f5a3","name":"Oriol Morte","image":{"@type":"ImageObject","inLanguage":"ca","@id":"https:\/\/www.oriolmorte.com\/ca\/#\/schema\/person\/image\/","url":"https:\/\/www.oriolmorte.com\/wp-content\/uploads\/2014\/03\/logo_OM_black_translucent_background.png","contentUrl":"https:\/\/www.oriolmorte.com\/wp-content\/uploads\/2014\/03\/logo_OM_black_translucent_background.png","width":500,"height":500,"caption":"Oriol Morte"},"logo":{"@id":"https:\/\/www.oriolmorte.com\/ca\/#\/schema\/person\/image\/"},"description":"Photographer since 2002","url":"https:\/\/www.oriolmorte.com\/ca\/author\/oriolmorte\/"}]}},"_links":{"self":[{"href":"https:\/\/www.oriolmorte.com\/ca\/wp-json\/wp\/v2\/posts\/34719"}],"collection":[{"href":"https:\/\/www.oriolmorte.com\/ca\/wp-json\/wp\/v2\/posts"}],"about":[{"href":"https:\/\/www.oriolmorte.com\/ca\/wp-json\/wp\/v2\/types\/post"}],"author":[{"embeddable":true,"href":"https:\/\/www.oriolmorte.com\/ca\/wp-json\/wp\/v2\/users\/4"}],"replies":[{"embeddable":true,"href":"https:\/\/www.oriolmorte.com\/ca\/wp-json\/wp\/v2\/comments?post=34719"}],"version-history":[{"count":9,"href":"https:\/\/www.oriolmorte.com\/ca\/wp-json\/wp\/v2\/posts\/34719\/revisions"}],"predecessor-version":[{"id":34732,"href":"https:\/\/www.oriolmorte.com\/ca\/wp-json\/wp\/v2\/posts\/34719\/revisions\/34732"}],"wp:featuredmedia":[{"embeddable":true,"href":"https:\/\/www.oriolmorte.com\/ca\/wp-json\/wp\/v2\/media\/34710"}],"wp:attachment":[{"href":"https:\/\/www.oriolmorte.com\/ca\/wp-json\/wp\/v2\/media?parent=34719"}],"wp:term":[{"taxonomy":"category","embeddable":true,"href":"https:\/\/www.oriolmorte.com\/ca\/wp-json\/wp\/v2\/categories?post=34719"},{"taxonomy":"post_tag","embeddable":true,"href":"https:\/\/www.oriolmorte.com\/ca\/wp-json\/wp\/v2\/tags?post=34719"}],"curies":[{"name":"wp","href":"https:\/\/api.w.org\/{rel}","templated":true}]}}